{"id":1594,"date":"2019-09-24T10:18:21","date_gmt":"2019-09-24T08:18:21","guid":{"rendered":"https:\/\/www.pep62.fr\/pep62\/?p=1594"},"modified":"2022-02-28T11:15:25","modified_gmt":"2022-02-28T10:15:25","slug":"egalite-femmes-hommes","status":"publish","type":"post","link":"https:\/\/www.pep62.fr\/pep62\/egalite-femmes-hommes\/","title":{"rendered":"Egalit\u00e9 femmes-hommes"},"content":{"rendered":"<p>[et_pb_section fb_built=\u00a0\u00bb1&Prime; admin_label=\u00a0\u00bbsection\u00a0\u00bb _builder_version=\u00a0\u00bb3.22&Prime; global_colors_info=\u00a0\u00bb{}\u00a0\u00bb][et_pb_row admin_label=\u00a0\u00bbrow\u00a0\u00bb _builder_version=\u00a0\u00bb3.25&Prime; background_size=\u00a0\u00bbinitial\u00a0\u00bb background_position=\u00a0\u00bbtop_left\u00a0\u00bb background_repeat=\u00a0\u00bbrepeat\u00a0\u00bb global_colors_info=\u00a0\u00bb{}\u00a0\u00bb][et_pb_column type=\u00a0\u00bb4_4&Prime; _builder_version=\u00a0\u00bb3.25&Prime; custom_padding=\u00a0\u00bb|||\u00a0\u00bb global_colors_info=\u00a0\u00bb{}\u00a0\u00bb custom_padding__hover=\u00a0\u00bb|||\u00a0\u00bb][et_pb_text admin_label=\u00a0\u00bbText\u00a0\u00bb _builder_version=\u00a0\u00bb3.27.4&Prime; background_size=\u00a0\u00bbinitial\u00a0\u00bb background_position=\u00a0\u00bbtop_left\u00a0\u00bb background_repeat=\u00a0\u00bbrepeat\u00a0\u00bb min_height=\u00a0\u00bb284px\u00a0\u00bb custom_padding=\u00a0\u00bb|||0px||\u00a0\u00bb global_colors_info=\u00a0\u00bb{}\u00a0\u00bb]<\/p>\n<p><strong>Index de l\u2019\u00e9galit\u00e9 femmes-hommes<\/strong><\/p>\n<p>La loi pour une libert\u00e9 de choisir son avenir professionnel du 5 septembre 2018 fait de l\u2019\u00e9galit\u00e9 salariale entre les hommes et les femmes une obligation de r\u00e9sultat pour les entreprises. Cette loi impose notamment aux entreprises de mesurer chaque ann\u00e9e leur index de l\u2019\u00e9galit\u00e9 femmes-hommes, afin d\u2019\u00e9valuer les diff\u00e9rences de r\u00e9mun\u00e9ration.<\/p>\n<p>Sous la forme d\u2019une note sur 100, cet index se compose de cinq grands crit\u00e8res qui \u00e9valuent les in\u00e9galit\u00e9s entre les femmes et les hommes dans les entreprises : les \u00e9carts de salaires, les \u00e9carts des augmentations et promotions individuelles, la part des salari\u00e9es augment\u00e9es au retour de leur cong\u00e9 maternit\u00e9 et enfin le nombre de femmes parmi les dix plus hauts salaires.<\/p>\n<p>Pour l\u2019ann\u00e9e 2021, l\u2019Association PEP62 ne peut avoir une note globale sur 100 points. En effet, les salaires de la CCN51 \u00e9tant d\u00e9termin\u00e9s selon des grilles et bas\u00e9s sur la notion d&rsquo;anciennet\u00e9, il n\u2019y a pas eu d\u2019augmentation individuelle en 2021. Les deux crit\u00e8res concernant les augmentations individuelles et les augmentations des salari\u00e9s de retour de cong\u00e9 maternit\u00e9 ne peuvent \u00eatre calcul\u00e9s.<\/p>\n<p>Pour en savoir davantage, t\u00e9l\u00e9charger notre index directement en <span style=\"text-decoration: underline;\"><strong><a href=\"https:\/\/www.pep62.fr\/pep62\/wp-content\/uploads\/2021\/04\/INDEX-EGALITE-HOMME-FEMME-PEP62.pdf\">cliquant-ici<\/a><\/strong><\/span>.<\/p>\n<p>[\/et_pb_text][\/et_pb_column][\/et_pb_row][\/et_pb_section]<\/p>\n","protected":false},"excerpt":{"rendered":"<p>Index de l\u2019\u00e9galit\u00e9 femmes-hommes La loi pour une libert\u00e9 de choisir son avenir professionnel du 5 septembre 2018 fait de l\u2019\u00e9galit\u00e9 salariale entre les hommes et les femmes une obligation de r\u00e9sultat pour les entreprises. Cette loi impose notamment aux entreprises de mesurer chaque ann\u00e9e leur index de l\u2019\u00e9galit\u00e9 femmes-hommes, afin d\u2019\u00e9valuer les diff\u00e9rences de [&hellip;]<\/p>\n","protected":false},"author":5,"featured_media":4044,"comment_status":"closed","ping_status":"closed","sticky":false,"template":"","format":"standard","meta":{"_et_pb_use_builder":"on","_et_pb_old_content":"<strong>Index de l\u2019\u00e9galit\u00e9 femmes-hommes<\/strong>\r\n\r\nLa loi pour une libert\u00e9 de choisir son avenir professionnel du 5 septembre 2018 fait de l\u2019\u00e9galit\u00e9 salariale entre les hommes et les femmes une obligation de r\u00e9sultat pour les entreprises. Cette loi impose notamment aux entreprises de mesurer chaque ann\u00e9e leur index de l\u2019\u00e9galit\u00e9 femmes-hommes, afin d\u2019\u00e9valuer les diff\u00e9rences de r\u00e9mun\u00e9ration.\r\n\r\nSous la forme d\u2019une note sur 100, cet index se compose de cinq grands crit\u00e8res qui \u00e9valuent les in\u00e9galit\u00e9s entre les femmes et les hommes dans les entreprises : les \u00e9carts de salaires, les \u00e9carts des augmentations et promotions individuelles, la part des salari\u00e9es augment\u00e9es au retour de leur cong\u00e9 maternit\u00e9 et enfin le nombre de femmes parmi les dix plus hauts salaires.\r\n\r\nL\u2019Association PEP62 obtient une note globale de 65\/100.","_et_gb_content_width":"","footnotes":""},"categories":[8,10],"tags":[],"class_list":["post-1594","post","type-post","status-publish","format-standard","has-post-thumbnail","hentry","category-publications","category-vedette"],"_links":{"self":[{"href":"https:\/\/www.pep62.fr\/pep62\/wp-json\/wp\/v2\/posts\/1594","targetHints":{"allow":["GET"]}}],"collection":[{"href":"https:\/\/www.pep62.fr\/pep62\/wp-json\/wp\/v2\/posts"}],"about":[{"href":"https:\/\/www.pep62.fr\/pep62\/wp-json\/wp\/v2\/types\/post"}],"author":[{"embeddable":true,"href":"https:\/\/www.pep62.fr\/pep62\/wp-json\/wp\/v2\/users\/5"}],"replies":[{"embeddable":true,"href":"https:\/\/www.pep62.fr\/pep62\/wp-json\/wp\/v2\/comments?post=1594"}],"version-history":[{"count":8,"href":"https:\/\/www.pep62.fr\/pep62\/wp-json\/wp\/v2\/posts\/1594\/revisions"}],"predecessor-version":[{"id":4818,"href":"https:\/\/www.pep62.fr\/pep62\/wp-json\/wp\/v2\/posts\/1594\/revisions\/4818"}],"wp:featuredmedia":[{"embeddable":true,"href":"https:\/\/www.pep62.fr\/pep62\/wp-json\/wp\/v2\/media\/4044"}],"wp:attachment":[{"href":"https:\/\/www.pep62.fr\/pep62\/wp-json\/wp\/v2\/media?parent=1594"}],"wp:term":[{"taxonomy":"category","embeddable":true,"href":"https:\/\/www.pep62.fr\/pep62\/wp-json\/wp\/v2\/categories?post=1594"},{"taxonomy":"post_tag","embeddable":true,"href":"https:\/\/www.pep62.fr\/pep62\/wp-json\/wp\/v2\/tags?post=1594"}],"curies":[{"name":"wp","href":"https:\/\/api.w.org\/{rel}","templated":true}]}}