{"id":4796,"date":"2022-02-24T14:43:11","date_gmt":"2022-02-24T13:43:11","guid":{"rendered":"https:\/\/www.pep62.fr\/pep62\/?p=4796"},"modified":"2022-02-24T14:48:40","modified_gmt":"2022-02-24T13:48:40","slug":"vers-une-reconnaissance-des-metiers-de-lhumain","status":"publish","type":"post","link":"https:\/\/www.pep62.fr\/pep62\/vers-une-reconnaissance-des-metiers-de-lhumain\/","title":{"rendered":"VERS UNE RECONNAISSANCE DES M\u00c9TIERS DE L&rsquo;HUMAIN"},"content":{"rendered":"<p>[et_pb_section fb_built=\u00a0\u00bb1&Prime; _builder_version=\u00a0\u00bb4.11.2&Prime; _module_preset=\u00a0\u00bbdefault\u00a0\u00bb][et_pb_row _builder_version=\u00a0\u00bb4.11.2&Prime; _module_preset=\u00a0\u00bbdefault\u00a0\u00bb][et_pb_column _builder_version=\u00a0\u00bb4.11.2&Prime; _module_preset=\u00a0\u00bbdefault\u00a0\u00bb type=\u00a0\u00bb4_4&Prime;][et_pb_text _builder_version=\u00a0\u00bb4.11.2&Prime; _module_preset=\u00a0\u00bbdefault\u00a0\u00bb hover_enabled=\u00a0\u00bb0&Prime; sticky_enabled=\u00a0\u00bb0&Prime;]<\/p>\n<pre><em>@copyright : Magnum Photos pour la FGPEP<\/em><\/pre>\n<p>[\/et_pb_text][\/et_pb_column][\/et_pb_row][et_pb_row _builder_version=\u00a0\u00bb4.11.2&Prime; _module_preset=\u00a0\u00bbdefault\u00a0\u00bb][et_pb_column _builder_version=\u00a0\u00bb4.11.2&Prime; _module_preset=\u00a0\u00bbdefault\u00a0\u00bb type=\u00a0\u00bb4_4&Prime;][et_pb_text _builder_version=\u00a0\u00bb4.11.2&Prime; _module_preset=\u00a0\u00bbdefault\u00a0\u00bb hover_enabled=\u00a0\u00bb0&Prime; sticky_enabled=\u00a0\u00bb0&Prime;]<\/p>\n<p><span class=\"break-words\"><span><span dir=\"ltr\"><strong>COMMUNIQUE DE PRESSE<\/strong><\/span><\/span><\/span><\/p>\n<p>Conf\u00e9rence des m\u00e9tiers du m\u00e9dico-social : notre F\u00e9d\u00e9ration G\u00e9n\u00e9ral des PEP se f\u00e9licite des annonces faites par le premier ministre Jean Castex, et salue les efforts historiques consentis par l\u2019 Etat et l\u2019Assembl\u00e9e des D\u00e9partements de France pour avancer r\u00e9solument vers une pleine reconnaissance des m\u00e9tiers de l\u2019humain, et une meilleure attractivit\u00e9 de ces derniers ! <span class=\"break-words\"><span><span dir=\"ltr\"><a href=\"https:\/\/www.linkedin.com\/feed\/hashtag\/?keywords=humain&amp;highlightedUpdateUrns=urn%3Ali%3Aactivity%3A6902535413416681472\" data-attribute-index=\"3\"><\/a><\/span><\/span><\/span><\/p>\n<p><span class=\"break-words\"><span><span dir=\"ltr\">Continuons d&rsquo;avancer ensemble !<\/span><\/span><\/span><\/p>\n<p>[\/et_pb_text][\/et_pb_column][\/et_pb_row][et_pb_row _builder_version=\u00a0\u00bb4.11.2&Prime; _module_preset=\u00a0\u00bbdefault\u00a0\u00bb][et_pb_column _builder_version=\u00a0\u00bb4.11.2&Prime; _module_preset=\u00a0\u00bbdefault\u00a0\u00bb type=\u00a0\u00bb4_4&Prime;][et_pb_button button_text=\u00a0\u00bbCliquez-ici pour acc\u00e9der au communiqu\u00e9 de presse\u00a0\u00bb _builder_version=\u00a0\u00bb4.11.2&Prime; _module_preset=\u00a0\u00bbdefault\u00a0\u00bb hover_enabled=\u00a0\u00bb0&Prime; sticky_enabled=\u00a0\u00bb0&Prime; button_url=\u00a0\u00bbhttps:\/\/www.pep62.fr\/pep62\/wp-content\/uploads\/2022\/02\/CP-Conference-des-metiers-du-social-et-du-medico-social-23-02-2022-003.pdf\u00a0\u00bb button_alignment=\u00a0\u00bbcenter\u00a0\u00bb][\/et_pb_button][\/et_pb_column][\/et_pb_row][\/et_pb_section]<\/p>\n","protected":false},"excerpt":{"rendered":"<p>@copyright : Magnum Photos pour la FGPEPCOMMUNIQUE DE PRESSE Conf\u00e9rence des m\u00e9tiers du m\u00e9dico-social : notre F\u00e9d\u00e9ration G\u00e9n\u00e9ral des PEP se f\u00e9licite des annonces faites par le premier ministre Jean Castex, et salue les efforts historiques consentis par l\u2019 Etat et l\u2019Assembl\u00e9e des D\u00e9partements de France pour avancer r\u00e9solument vers une pleine reconnaissance des m\u00e9tiers [&hellip;]<\/p>\n","protected":false},"author":13,"featured_media":4729,"comment_status":"closed","ping_status":"closed","sticky":false,"template":"","format":"standard","meta":{"_et_pb_use_builder":"on","_et_pb_old_content":"[widgets_on_pages id=\"wop-widget-donvacances\"]","_et_gb_content_width":"","footnotes":""},"categories":[8,10],"tags":[],"class_list":["post-4796","post","type-post","status-publish","format-standard","has-post-thumbnail","hentry","category-publications","category-vedette"],"_links":{"self":[{"href":"https:\/\/www.pep62.fr\/pep62\/wp-json\/wp\/v2\/posts\/4796","targetHints":{"allow":["GET"]}}],"collection":[{"href":"https:\/\/www.pep62.fr\/pep62\/wp-json\/wp\/v2\/posts"}],"about":[{"href":"https:\/\/www.pep62.fr\/pep62\/wp-json\/wp\/v2\/types\/post"}],"author":[{"embeddable":true,"href":"https:\/\/www.pep62.fr\/pep62\/wp-json\/wp\/v2\/users\/13"}],"replies":[{"embeddable":true,"href":"https:\/\/www.pep62.fr\/pep62\/wp-json\/wp\/v2\/comments?post=4796"}],"version-history":[{"count":5,"href":"https:\/\/www.pep62.fr\/pep62\/wp-json\/wp\/v2\/posts\/4796\/revisions"}],"predecessor-version":[{"id":4803,"href":"https:\/\/www.pep62.fr\/pep62\/wp-json\/wp\/v2\/posts\/4796\/revisions\/4803"}],"wp:featuredmedia":[{"embeddable":true,"href":"https:\/\/www.pep62.fr\/pep62\/wp-json\/wp\/v2\/media\/4729"}],"wp:attachment":[{"href":"https:\/\/www.pep62.fr\/pep62\/wp-json\/wp\/v2\/media?parent=4796"}],"wp:term":[{"taxonomy":"category","embeddable":true,"href":"https:\/\/www.pep62.fr\/pep62\/wp-json\/wp\/v2\/categories?post=4796"},{"taxonomy":"post_tag","embeddable":true,"href":"https:\/\/www.pep62.fr\/pep62\/wp-json\/wp\/v2\/tags?post=4796"}],"curies":[{"name":"wp","href":"https:\/\/api.w.org\/{rel}","templated":true}]}}