{"id":4840,"date":"2022-03-18T15:51:21","date_gmt":"2022-03-18T14:51:21","guid":{"rendered":"https:\/\/www.pep62.fr\/pep62\/?p=4840"},"modified":"2022-03-18T15:54:42","modified_gmt":"2022-03-18T14:54:42","slug":"retour-sur-les-aspie-days","status":"publish","type":"post","link":"https:\/\/www.pep62.fr\/pep62\/retour-sur-les-aspie-days\/","title":{"rendered":"RETOUR SUR LES \u00ab\u00a0ASPIE DAYS\u00a0\u00bb !"},"content":{"rendered":"<p>[et_pb_section fb_built=\u00a0\u00bb1&Prime; _builder_version=\u00a0\u00bb3.22&Prime; global_colors_info=\u00a0\u00bb{}\u00a0\u00bb][et_pb_row _builder_version=\u00a0\u00bb3.25&Prime; background_size=\u00a0\u00bbinitial\u00a0\u00bb background_position=\u00a0\u00bbtop_left\u00a0\u00bb background_repeat=\u00a0\u00bbrepeat\u00a0\u00bb global_colors_info=\u00a0\u00bb{}\u00a0\u00bb][et_pb_column type=\u00a0\u00bb4_4&Prime; _builder_version=\u00a0\u00bb3.25&Prime; custom_padding=\u00a0\u00bb|||\u00a0\u00bb global_colors_info=\u00a0\u00bb{}\u00a0\u00bb custom_padding__hover=\u00a0\u00bb|||\u00a0\u00bb][et_pb_text _builder_version=\u00a0\u00bb4.11.2&Prime; _module_preset=\u00a0\u00bbdefault\u00a0\u00bb global_colors_info=\u00a0\u00bb{}\u00a0\u00bb]<\/p>\n<p style=\"text-align: justify;\"><em>Les 4 &amp; 5 Mars 2022 a eu lieu, \u00e0 Artois Expo, \u00e0 Arras, le 2\u00e8me salon international des Aspie Days organis\u00e9 par l\u2019Ass des As, sur le Syndrome d\u2019Asperger et autisme apparent\u00e9.<\/em><\/p>\n<p style=\"text-align: justify;\">Lors de cet \u00e9v\u00e9nement, des professionnels du SESSAD Pinocchio d&rsquo;Arras ont particip\u00e9 \u00e0 une table ronde autour du th\u00e8me \u00a0\u00ab <em>Des cl\u00e9s pour mieux vivre au quotidien avec des fonctionnements sp\u00e9cifiques\u00a0\u00bb.<\/em><\/p>\n<p style=\"text-align: justify;\">De nombreuses personnes avec autisme, familles, aidants, professionnels et partenaires associatifs \u00e9taient pr\u00e9sents pour ce bel \u00e9v\u00e8nement.<\/p>\n<p style=\"text-align: justify;\">Le programme \u00e9tait ax\u00e9 sur 6 th\u00e8mes\u00a0:<\/p>\n<ul>\n<li style=\"text-align: justify;\">Scolarit\u00e9 et \u00e9tudes sup\u00e9rieures<\/li>\n<li style=\"text-align: justify;\">Insertion professionnelles\u00a0<\/li>\n<li style=\"text-align: justify;\">Loisirs et vie quotidienne<\/li>\n<li style=\"text-align: justify;\">Logement<\/li>\n<li style=\"text-align: justify;\">Sensorialit\u00e9<\/li>\n<li style=\"text-align: justify;\">Aide aux aidants<\/li>\n<\/ul>\n<p style=\"text-align: justify;\">Mme Christelle ZELAZKO<em> (monitrice \u00e9ducatrice) <\/em>et Mme Chlo\u00e9 CHARLET<em> (psychologue) <\/em>ont pu pr\u00e9senter les enjeux de la transversalit\u00e9 des interventions et de la g\u00e9n\u00e9ralisation dans l\u2019accompagnement d\u2019un jeune TSA accompagn\u00e9 par le SESSAD Pinocchio.<\/p>\n<p style=\"text-align: justify;\">Elles ont brillement illustr\u00e9s leurs propos par des outils personnalis\u00e9s construits avec ce jeune en fonction de ses forces et ses fragilit\u00e9s.<\/p>\n<p style=\"text-align: justify;\">Ces \u00ab\u00a0cl\u00e9s pour mieux vivre au quotidien\u00a0\u00bb permettent aux jeunes accompagn\u00e9s par le SESSAD d\u2019\u00e9voluer favorablement au quotidien et de s\u2019\u00e9panouir chaque jour davantage\u2026<\/p>\n<p>[\/et_pb_text][\/et_pb_column][\/et_pb_row][\/et_pb_section]<\/p>\n","protected":false},"excerpt":{"rendered":"<p>Les 4 &amp; 5 Mars 2022 a eu lieu, \u00e0 Artois Expo, \u00e0 Arras, le 2\u00e8me salon international des Aspie Days organis\u00e9 par l\u2019Ass des As, sur le Syndrome d\u2019Asperger et autisme apparent\u00e9. Lors de cet \u00e9v\u00e9nement, des professionnels du SESSAD Pinocchio d&rsquo;Arras ont particip\u00e9 \u00e0 une table ronde autour du th\u00e8me \u00a0\u00ab Des cl\u00e9s [&hellip;]<\/p>\n","protected":false},"author":13,"featured_media":4841,"comment_status":"closed","ping_status":"closed","sticky":false,"template":"","format":"standard","meta":{"_et_pb_use_builder":"on","_et_pb_old_content":"[widgets_on_pages id=\"wop-widget-donvacances\"]","_et_gb_content_width":"","footnotes":""},"categories":[8,10],"tags":[],"class_list":["post-4840","post","type-post","status-publish","format-standard","has-post-thumbnail","hentry","category-publications","category-vedette"],"_links":{"self":[{"href":"https:\/\/www.pep62.fr\/pep62\/wp-json\/wp\/v2\/posts\/4840","targetHints":{"allow":["GET"]}}],"collection":[{"href":"https:\/\/www.pep62.fr\/pep62\/wp-json\/wp\/v2\/posts"}],"about":[{"href":"https:\/\/www.pep62.fr\/pep62\/wp-json\/wp\/v2\/types\/post"}],"author":[{"embeddable":true,"href":"https:\/\/www.pep62.fr\/pep62\/wp-json\/wp\/v2\/users\/13"}],"replies":[{"embeddable":true,"href":"https:\/\/www.pep62.fr\/pep62\/wp-json\/wp\/v2\/comments?post=4840"}],"version-history":[{"count":3,"href":"https:\/\/www.pep62.fr\/pep62\/wp-json\/wp\/v2\/posts\/4840\/revisions"}],"predecessor-version":[{"id":4845,"href":"https:\/\/www.pep62.fr\/pep62\/wp-json\/wp\/v2\/posts\/4840\/revisions\/4845"}],"wp:featuredmedia":[{"embeddable":true,"href":"https:\/\/www.pep62.fr\/pep62\/wp-json\/wp\/v2\/media\/4841"}],"wp:attachment":[{"href":"https:\/\/www.pep62.fr\/pep62\/wp-json\/wp\/v2\/media?parent=4840"}],"wp:term":[{"taxonomy":"category","embeddable":true,"href":"https:\/\/www.pep62.fr\/pep62\/wp-json\/wp\/v2\/categories?post=4840"},{"taxonomy":"post_tag","embeddable":true,"href":"https:\/\/www.pep62.fr\/pep62\/wp-json\/wp\/v2\/tags?post=4840"}],"curies":[{"name":"wp","href":"https:\/\/api.w.org\/{rel}","templated":true}]}}