{"id":4846,"date":"2022-03-21T11:36:10","date_gmt":"2022-03-21T10:36:10","guid":{"rendered":"https:\/\/www.pep62.fr\/pep62\/?p=4846"},"modified":"2022-03-21T11:50:37","modified_gmt":"2022-03-21T10:50:37","slug":"forum-accueil-et-handicap","status":"publish","type":"post","link":"https:\/\/www.pep62.fr\/pep62\/forum-accueil-et-handicap\/","title":{"rendered":"FORUM ACCUEIL ET HANDICAP"},"content":{"rendered":"<p>[et_pb_section fb_built=\u00a0\u00bb1&Prime; _builder_version=\u00a0\u00bb3.22&Prime; global_colors_info=\u00a0\u00bb{}\u00a0\u00bb][et_pb_row _builder_version=\u00a0\u00bb3.25&Prime; background_size=\u00a0\u00bbinitial\u00a0\u00bb background_position=\u00a0\u00bbtop_left\u00a0\u00bb background_repeat=\u00a0\u00bbrepeat\u00a0\u00bb global_colors_info=\u00a0\u00bb{}\u00a0\u00bb][et_pb_column type=\u00a0\u00bb4_4&Prime; _builder_version=\u00a0\u00bb3.25&Prime; custom_padding=\u00a0\u00bb|||\u00a0\u00bb global_colors_info=\u00a0\u00bb{}\u00a0\u00bb custom_padding__hover=\u00a0\u00bb|||\u00a0\u00bb][et_pb_text _builder_version=\u00a0\u00bb4.11.2&Prime; _module_preset=\u00a0\u00bbdefault\u00a0\u00bb global_colors_info=\u00a0\u00bb{}\u00a0\u00bb]<\/p>\n<p>Le samedi 19 mars dernier, a eu lieu le premier forum accueil et handicap de B\u00e9thune, organis\u00e9 par le SIVOM et le Relais Petite Enfance de B\u00e9thune.<\/p>\n<p>Lors de cet \u00e9v\u00e9nement, des professionnels du CAMSP du B\u00e9hunois, du dispositif attente Active \u00ab\u00a0passerelle\u00a0\u00bb et de l&rsquo;\u00e9quipe mobile petite enfance du B\u00e9thunois, se sont impliqu\u00e9s et relay\u00e9s pour tenir un stand de pr\u00e9sentation de nos activit\u00e9s et animations \u00e0 destination des enfants.<\/p>\n<p>Cette journ\u00e9e a \u00e9t\u00e9 l&rsquo;occasion de rencontrer et d&rsquo;\u00e9changer avec les partenaires\u00a0 (CAF, Gamins Exceptionnels , cr\u00e8ches, SESSAD, bobos \u00e0 la ferme, etc.), mais aussi de pr\u00e9senter le CAMSP et ses services aux familles et visiteurs.<\/p>\n<p>[\/et_pb_text][\/et_pb_column][\/et_pb_row][\/et_pb_section]<\/p>\n","protected":false},"excerpt":{"rendered":"<p>Le samedi 19 mars dernier, a eu lieu le premier forum accueil et handicap de B\u00e9thune, organis\u00e9 par le SIVOM et le Relais Petite Enfance de B\u00e9thune. Lors de cet \u00e9v\u00e9nement, des professionnels du CAMSP du B\u00e9hunois, du dispositif attente Active \u00ab\u00a0passerelle\u00a0\u00bb et de l&rsquo;\u00e9quipe mobile petite enfance du B\u00e9thunois, se sont impliqu\u00e9s et relay\u00e9s [&hellip;]<\/p>\n","protected":false},"author":13,"featured_media":4857,"comment_status":"closed","ping_status":"closed","sticky":false,"template":"","format":"standard","meta":{"_et_pb_use_builder":"on","_et_pb_old_content":"[widgets_on_pages id=\"wop-widget-donvacances\"]","_et_gb_content_width":"","footnotes":""},"categories":[8,10],"tags":[],"class_list":["post-4846","post","type-post","status-publish","format-standard","has-post-thumbnail","hentry","category-publications","category-vedette"],"_links":{"self":[{"href":"https:\/\/www.pep62.fr\/pep62\/wp-json\/wp\/v2\/posts\/4846","targetHints":{"allow":["GET"]}}],"collection":[{"href":"https:\/\/www.pep62.fr\/pep62\/wp-json\/wp\/v2\/posts"}],"about":[{"href":"https:\/\/www.pep62.fr\/pep62\/wp-json\/wp\/v2\/types\/post"}],"author":[{"embeddable":true,"href":"https:\/\/www.pep62.fr\/pep62\/wp-json\/wp\/v2\/users\/13"}],"replies":[{"embeddable":true,"href":"https:\/\/www.pep62.fr\/pep62\/wp-json\/wp\/v2\/comments?post=4846"}],"version-history":[{"count":7,"href":"https:\/\/www.pep62.fr\/pep62\/wp-json\/wp\/v2\/posts\/4846\/revisions"}],"predecessor-version":[{"id":4859,"href":"https:\/\/www.pep62.fr\/pep62\/wp-json\/wp\/v2\/posts\/4846\/revisions\/4859"}],"wp:featuredmedia":[{"embeddable":true,"href":"https:\/\/www.pep62.fr\/pep62\/wp-json\/wp\/v2\/media\/4857"}],"wp:attachment":[{"href":"https:\/\/www.pep62.fr\/pep62\/wp-json\/wp\/v2\/media?parent=4846"}],"wp:term":[{"taxonomy":"category","embeddable":true,"href":"https:\/\/www.pep62.fr\/pep62\/wp-json\/wp\/v2\/categories?post=4846"},{"taxonomy":"post_tag","embeddable":true,"href":"https:\/\/www.pep62.fr\/pep62\/wp-json\/wp\/v2\/tags?post=4846"}],"curies":[{"name":"wp","href":"https:\/\/api.w.org\/{rel}","templated":true}]}}