{"id":4884,"date":"2022-03-18T17:05:42","date_gmt":"2022-03-18T16:05:42","guid":{"rendered":"https:\/\/www.pep62.fr\/pep62\/?p=4884"},"modified":"2022-03-31T17:15:56","modified_gmt":"2022-03-31T15:15:56","slug":"cest-le-carnaval-au-camsp-de-fouquieres-les-bethune","status":"publish","type":"post","link":"https:\/\/www.pep62.fr\/pep62\/cest-le-carnaval-au-camsp-de-fouquieres-les-bethune\/","title":{"rendered":"C&rsquo;est le carnaval au CAMSP de Fouqui\u00e8res-les-b\u00e9thune !"},"content":{"rendered":"<p>[et_pb_section fb_built=\u00a0\u00bb1&Prime; _builder_version=\u00a0\u00bb4.11.2&Prime; _module_preset=\u00a0\u00bbdefault\u00a0\u00bb][et_pb_row _builder_version=\u00a0\u00bb4.11.2&Prime; _module_preset=\u00a0\u00bbdefault\u00a0\u00bb][et_pb_column _builder_version=\u00a0\u00bb4.11.2&Prime; _module_preset=\u00a0\u00bbdefault\u00a0\u00bb type=\u00a0\u00bb4_4&Prime;][et_pb_text _builder_version=\u00a0\u00bb4.11.2&Prime; _module_preset=\u00a0\u00bbdefault\u00a0\u00bb hover_enabled=\u00a0\u00bb0&Prime; sticky_enabled=\u00a0\u00bb0&Prime;]<\/p>\n<p style=\"text-align: justify;\">Super h\u00e9ros, princes et reines ont \u00e9t\u00e9 accueillis durant plusieurs jours au CAMSP de Fouqui\u00e8res les B\u00e9thune pour f\u00eater ensemble le Carnaval\u00a0!<\/p>\n<p style=\"text-align: justify;\">Les enfants, les parents et les professionnels ont \u00e9t\u00e9 convi\u00e9s \u00e0 ces journ\u00e9es th\u00e9matiques afin de cr\u00e9er un moment convivial et de plaisir partag\u00e9.<\/p>\n<p style=\"text-align: justify;\">Les enfants, accueillis au CAMSP, ont pu laisser parler leur imagination et leur cr\u00e9ativit\u00e9 durant leurs s\u00e9ances respectives : ils ont pu d\u00e9corer des masques, fabriquer de la d\u00e9coration sur le th\u00e8me, imaginer une fresque souvenir du Carnaval, participer \u00e0 des parcours moteurs \u00e0 th\u00e8me, danser ensemble\u2026<\/p>\n<p style=\"text-align: justify;\">Petits et grands ont appr\u00e9ci\u00e9s fortement ce moment de partage, de rires et de complicit\u00e9, ponctu\u00e9 de sourires, d\u2019\u00e9changes et de souvenirs !<\/p>\n<p style=\"text-align: justify;\">Un atelier parent-enfant sur le th\u00e8me du cirque a \u00e9galement pris place afin d\u2019apprendre les bases : faire des figures par deux, utiliser les foulards pour jongler, tenir debout sur un gros ballon, connaitre les diff\u00e9rentes parties du corps, apprivoiser l\u2019autre et se faire confiance en douceur, etc.<\/p>\n<p style=\"text-align: justify;\">Un m\u00e9lange de rires et de partage qui a fait de cette semaine th\u00e9matique, un vrai moment de complicit\u00e9 entre parents et enfants, de plaisir et de joie pour les petits comme pour les grands !<\/p>\n<p>[\/et_pb_text][\/et_pb_column][\/et_pb_row][\/et_pb_section][et_pb_section fb_built=\u00a0\u00bb1&Prime; _builder_version=\u00a0\u00bb4.11.2&Prime; _module_preset=\u00a0\u00bbdefault\u00a0\u00bb][et_pb_row _builder_version=\u00a0\u00bb4.11.2&Prime; _module_preset=\u00a0\u00bbdefault\u00a0\u00bb column_structure=\u00a0\u00bb1_2,1_2&Prime; custom_margin=\u00a0\u00bb-60px|auto||auto||\u00a0\u00bb module_alignment=\u00a0\u00bbcenter\u00a0\u00bb hover_enabled=\u00a0\u00bb0&Prime; sticky_enabled=\u00a0\u00bb0&Prime;][et_pb_column _builder_version=\u00a0\u00bb4.11.2&Prime; _module_preset=\u00a0\u00bbdefault\u00a0\u00bb type=\u00a0\u00bb1_2&Prime;][et_pb_image src=\u00a0\u00bbhttps:\/\/www.pep62.fr\/pep62\/wp-content\/uploads\/2022\/03\/PART_1647518520168.jpg\u00a0\u00bb _builder_version=\u00a0\u00bb4.11.2&Prime; _module_preset=\u00a0\u00bbdefault\u00a0\u00bb title_text=\u00a0\u00bbPART_1647518520168&Prime; hover_enabled=\u00a0\u00bb0&Prime; sticky_enabled=\u00a0\u00bb0&Prime; custom_margin=\u00a0\u00bb||68px|||\u00a0\u00bb custom_padding=\u00a0\u00bb|0px||||\u00a0\u00bb][\/et_pb_image][\/et_pb_column][et_pb_column _builder_version=\u00a0\u00bb4.11.2&Prime; _module_preset=\u00a0\u00bbdefault\u00a0\u00bb type=\u00a0\u00bb1_2&Prime;][et_pb_image src=\u00a0\u00bbhttps:\/\/www.pep62.fr\/pep62\/wp-content\/uploads\/2022\/03\/PXL_20220314_132857387.jpg\u00a0\u00bb _builder_version=\u00a0\u00bb4.11.2&Prime; _module_preset=\u00a0\u00bbdefault\u00a0\u00bb title_text=\u00a0\u00bbPXL_20220314_132857387&Prime; hover_enabled=\u00a0\u00bb0&Prime; sticky_enabled=\u00a0\u00bb0&Prime; width=\u00a0\u00bb56.4%\u00a0\u00bb][\/et_pb_image][\/et_pb_column][\/et_pb_row][\/et_pb_section]<\/p>\n","protected":false},"excerpt":{"rendered":"<p>Super h\u00e9ros, princes et reines ont \u00e9t\u00e9 accueillis durant plusieurs jours au CAMSP de Fouqui\u00e8res les B\u00e9thune pour f\u00eater ensemble le Carnaval\u00a0! Les enfants, les parents et les professionnels ont \u00e9t\u00e9 convi\u00e9s \u00e0 ces journ\u00e9es th\u00e9matiques afin de cr\u00e9er un moment convivial et de plaisir partag\u00e9. Les enfants, accueillis au CAMSP, ont pu laisser parler [&hellip;]<\/p>\n","protected":false},"author":13,"featured_media":4886,"comment_status":"closed","ping_status":"closed","sticky":false,"template":"","format":"standard","meta":{"_et_pb_use_builder":"on","_et_pb_old_content":"[widgets_on_pages id=\"wop-widget-donvacances\"]","_et_gb_content_width":"","footnotes":""},"categories":[8,10],"tags":[],"class_list":["post-4884","post","type-post","status-publish","format-standard","has-post-thumbnail","hentry","category-publications","category-vedette"],"_links":{"self":[{"href":"https:\/\/www.pep62.fr\/pep62\/wp-json\/wp\/v2\/posts\/4884","targetHints":{"allow":["GET"]}}],"collection":[{"href":"https:\/\/www.pep62.fr\/pep62\/wp-json\/wp\/v2\/posts"}],"about":[{"href":"https:\/\/www.pep62.fr\/pep62\/wp-json\/wp\/v2\/types\/post"}],"author":[{"embeddable":true,"href":"https:\/\/www.pep62.fr\/pep62\/wp-json\/wp\/v2\/users\/13"}],"replies":[{"embeddable":true,"href":"https:\/\/www.pep62.fr\/pep62\/wp-json\/wp\/v2\/comments?post=4884"}],"version-history":[{"count":4,"href":"https:\/\/www.pep62.fr\/pep62\/wp-json\/wp\/v2\/posts\/4884\/revisions"}],"predecessor-version":[{"id":4892,"href":"https:\/\/www.pep62.fr\/pep62\/wp-json\/wp\/v2\/posts\/4884\/revisions\/4892"}],"wp:featuredmedia":[{"embeddable":true,"href":"https:\/\/www.pep62.fr\/pep62\/wp-json\/wp\/v2\/media\/4886"}],"wp:attachment":[{"href":"https:\/\/www.pep62.fr\/pep62\/wp-json\/wp\/v2\/media?parent=4884"}],"wp:term":[{"taxonomy":"category","embeddable":true,"href":"https:\/\/www.pep62.fr\/pep62\/wp-json\/wp\/v2\/categories?post=4884"},{"taxonomy":"post_tag","embeddable":true,"href":"https:\/\/www.pep62.fr\/pep62\/wp-json\/wp\/v2\/tags?post=4884"}],"curies":[{"name":"wp","href":"https:\/\/api.w.org\/{rel}","templated":true}]}}