{"id":4894,"date":"2022-04-07T15:31:31","date_gmt":"2022-04-07T13:31:31","guid":{"rendered":"https:\/\/www.pep62.fr\/pep62\/?p=4894"},"modified":"2022-04-08T09:40:14","modified_gmt":"2022-04-08T07:40:14","slug":"lequipe-mobile-petite-enfance-du-bethunois","status":"publish","type":"post","link":"https:\/\/www.pep62.fr\/pep62\/lequipe-mobile-petite-enfance-du-bethunois\/","title":{"rendered":"L&rsquo;\u00c9quipe Mobile Petite Enfance du B\u00e9thunois"},"content":{"rendered":"<p>[et_pb_section fb_built=\u00a0\u00bb1&Prime; _builder_version=\u00a0\u00bb3.22&Prime; custom_padding=\u00a0\u00bb3px|||||\u00a0\u00bb global_colors_info=\u00a0\u00bb{}\u00a0\u00bb][et_pb_row _builder_version=\u00a0\u00bb3.25&Prime; background_size=\u00a0\u00bbinitial\u00a0\u00bb background_position=\u00a0\u00bbtop_left\u00a0\u00bb background_repeat=\u00a0\u00bbrepeat\u00a0\u00bb global_colors_info=\u00a0\u00bb{}\u00a0\u00bb][et_pb_column type=\u00a0\u00bb4_4&Prime; _builder_version=\u00a0\u00bb3.25&Prime; custom_padding=\u00a0\u00bb|||\u00a0\u00bb global_colors_info=\u00a0\u00bb{}\u00a0\u00bb custom_padding__hover=\u00a0\u00bb|||\u00a0\u00bb][et_pb_text _builder_version=\u00a0\u00bb4.11.2&Prime; _module_preset=\u00a0\u00bbdefault\u00a0\u00bb width=\u00a0\u00bb98%\u00a0\u00bb custom_margin=\u00a0\u00bb||-28px|||\u00a0\u00bb custom_padding=\u00a0\u00bb||0px|||\u00a0\u00bb global_colors_info=\u00a0\u00bb{}\u00a0\u00bb]<\/p>\n<p style=\"text-align: justify;\">\n<p style=\"text-align: justify;\">L&rsquo;\u00c9quipe Mobile Petite Enfance du B\u00e9thunois est un dispositif exp\u00e9rimental de 3 ans, financ\u00e9 par l&rsquo;ARS.<\/p>\n<p>Le Dispositif \u00a0est destin\u00e9 \u00e0 un public <strong>d\u2019enfants, de 0 \u00e0 6 ans, en situation de handicap, de vuln\u00e9rabilit\u00e9 ou de probl\u00e9matique social. <\/strong><\/p>\n<p>Le projet vise \u00e0 r\u00e9pondre \u00e0 un besoin de soutien \u00e0 la parentalit\u00e9.<\/p>\n<p><strong>L\u2019enjeu du dispositif est\u00a0:<\/strong><\/p>\n<ul>\n<li>D\u2019amener les parents en situation de vuln\u00e9rabilit\u00e9 \u00e0 confier leur enfant \u00e0 un lieu de socialisation.<\/li>\n<li>De favoriser les comp\u00e9tences psycho-sociales du jeune enfant et contribuer \u00e0 r\u00e9duire le d\u00e9veloppement des troubles du neuro-d\u00e9veloppement.<\/li>\n<\/ul>\n<p style=\"text-align: justify;\"><strong>Ses missions sont :<\/strong><\/p>\n<ul>\n<li style=\"text-align: justify;\">Apporter une r\u00e9ponse personnalis\u00e9e, adapt\u00e9e aux fragilit\u00e9s et sp\u00e9cificit\u00e9s de l&rsquo;enfant et de sa famille, au travers d&rsquo;une coconstruction,<\/li>\n<li style=\"text-align: justify;\">Soutenir, rassurer et accompagner les parents afin d&rsquo;amener l&rsquo;enfant dans un lieu de socialisation (cr\u00e8che, etc),<\/li>\n<li style=\"text-align: justify;\">Accompagner les parents dans le parcours de soins de leur enfant et favoriser l&rsquo;acc\u00e8s aux droits<\/li>\n<li style=\"text-align: justify;\">Proposer l&rsquo;accompagnement d&rsquo;un enfant en structure petite enfance, afin de limiter le sur-handicap, en permettant la socialisation, la stimulation voire les apprentissages,<\/li>\n<li style=\"text-align: justify;\">Soutenir et accompagner les \u00e9quipes de la petite enfance afin de faciliter l&rsquo;accueil de l&rsquo;enfant<\/li>\n<li style=\"text-align: justify;\">Permettre \u00e0 la famille, au travers de la socialisation, un temps de r\u00e9pit. <span style=\"text-decoration: underline;\"><\/span><span style=\"text-decoration: underline;\"><\/span><span style=\"text-decoration: underline;\"><\/span><\/li>\n<\/ul>\n<p>Tout partenaire peut solliciter l\u2019\u00e9quipe mobile petite enfance du B\u00e9thunois.<\/p>\n<p style=\"text-align: justify;\"><span style=\"text-decoration: underline;\"><\/span><\/p>\n<p>[\/et_pb_text][\/et_pb_column][\/et_pb_row][\/et_pb_section][et_pb_section fb_built=\u00a0\u00bb1&Prime; _builder_version=\u00a0\u00bb4.11.2&Prime; _module_preset=\u00a0\u00bbdefault\u00a0\u00bb custom_margin=\u00a0\u00bb-32px|||||\u00a0\u00bb global_colors_info=\u00a0\u00bb{}\u00a0\u00bb][et_pb_row _builder_version=\u00a0\u00bb4.11.2&Prime; _module_preset=\u00a0\u00bbdefault\u00a0\u00bb custom_margin=\u00a0\u00bb-23px|auto||auto||\u00a0\u00bb custom_padding=\u00a0\u00bb0px||37px|||\u00a0\u00bb global_colors_info=\u00a0\u00bb{}\u00a0\u00bb][et_pb_column type=\u00a0\u00bb4_4&Prime; _builder_version=\u00a0\u00bb4.11.2&Prime; _module_preset=\u00a0\u00bbdefault\u00a0\u00bb global_colors_info=\u00a0\u00bb{}\u00a0\u00bb][et_pb_text _builder_version=\u00a0\u00bb4.11.2&Prime; _module_preset=\u00a0\u00bbdefault\u00a0\u00bb custom_margin=\u00a0\u00bb||-47px|||\u00a0\u00bb global_colors_info=\u00a0\u00bb{}\u00a0\u00bb][\/et_pb_text][\/et_pb_column][\/et_pb_row][et_pb_row column_structure=\u00a0\u00bb1_2,1_2&Prime; _builder_version=\u00a0\u00bb4.11.2&Prime; _module_preset=\u00a0\u00bbdefault\u00a0\u00bb custom_margin=\u00a0\u00bb|auto|-118px|auto||\u00a0\u00bb custom_padding=\u00a0\u00bb||0px|||\u00a0\u00bb global_colors_info=\u00a0\u00bb{}\u00a0\u00bb][et_pb_column type=\u00a0\u00bb1_2&Prime; _builder_version=\u00a0\u00bb4.11.2&Prime; _module_preset=\u00a0\u00bbdefault\u00a0\u00bb global_colors_info=\u00a0\u00bb{}\u00a0\u00bb][et_pb_text _builder_version=\u00a0\u00bb4.11.2&Prime; _module_preset=\u00a0\u00bbdefault\u00a0\u00bb custom_margin=\u00a0\u00bb-45px||-76px|||\u00a0\u00bb custom_padding=\u00a0\u00bb14px||0px|||\u00a0\u00bb global_colors_info=\u00a0\u00bb{}\u00a0\u00bb]<\/p>\n<p><strong>Son \u00e9quipe :<\/strong><\/p>\n<p>L\u2019\u00e9quipe Mobile Petite Enfance du B\u00e9thunois est g\u00e9r\u00e9e et coordonn\u00e9e par le Directeur et le M\u00e9decin Directeur du CAMSP de Fouqui\u00e8res-lez-B\u00e9thune.<\/p>\n<p>L&rsquo;\u00e9quipe pluridisciplinaire est compos\u00e9e de :<\/p>\n<p>&#8211; Virginie, <em>\u00c9ducatrices de Jeunes Enfants<\/em><br \/>&#8211; M\u00e9lanie, <em>Psychomotricienne<\/em><br \/>&#8211; Victoire, <em>Assistante de Service Sociale<\/em><br \/>&#8211; Vincent, <em>Psychologue<\/em><br \/>&#8211; Lucie, <em>Secr\u00e9taire<\/em><\/p>\n<p>[\/et_pb_text][\/et_pb_column][et_pb_column type=\u00a0\u00bb1_2&Prime; _builder_version=\u00a0\u00bb4.11.2&Prime; _module_preset=\u00a0\u00bbdefault\u00a0\u00bb global_colors_info=\u00a0\u00bb{}\u00a0\u00bb][et_pb_image src=\u00a0\u00bbhttps:\/\/www.pep62.fr\/pep62\/wp-content\/uploads\/2022\/04\/NN11532538-scaled.jpg\u00a0\u00bb title_text=\u00a0\u00bbFrance. Lyon. Villeurbanne. FGPEP Pepilou. Day-care center. 2017&Prime; _builder_version=\u00a0\u00bb4.11.2&Prime; _module_preset=\u00a0\u00bbdefault\u00a0\u00bb min_height=\u00a0\u00bb228.6px\u00a0\u00bb custom_margin=\u00a0\u00bb31px||41px|||\u00a0\u00bb custom_padding=\u00a0\u00bb||81px|||\u00a0\u00bb global_colors_info=\u00a0\u00bb{}\u00a0\u00bb][\/et_pb_image][\/et_pb_column][\/et_pb_row][\/et_pb_section][et_pb_section fb_built=\u00a0\u00bb1&Prime; _builder_version=\u00a0\u00bb4.11.2&Prime; _module_preset=\u00a0\u00bbdefault\u00a0\u00bb min_height=\u00a0\u00bb36.4px\u00a0\u00bb custom_padding=\u00a0\u00bb26px|||||\u00a0\u00bb global_colors_info=\u00a0\u00bb{}\u00a0\u00bb][et_pb_row _builder_version=\u00a0\u00bb4.11.2&Prime; _module_preset=\u00a0\u00bbdefault\u00a0\u00bb custom_padding=\u00a0\u00bb0px|||||\u00a0\u00bb global_colors_info=\u00a0\u00bb{}\u00a0\u00bb][et_pb_column type=\u00a0\u00bb4_4&Prime; _builder_version=\u00a0\u00bb4.11.2&Prime; _module_preset=\u00a0\u00bbdefault\u00a0\u00bb global_colors_info=\u00a0\u00bb{}\u00a0\u00bb][et_pb_text _builder_version=\u00a0\u00bb4.11.2&Prime; _module_preset=\u00a0\u00bbdefault\u00a0\u00bb custom_margin=\u00a0\u00bb-44px|||||\u00a0\u00bb custom_padding=\u00a0\u00bb0px|||||\u00a0\u00bb global_colors_info=\u00a0\u00bb{}\u00a0\u00bb]<\/p>\n<p><strong>Sa zone d&rsquo;intervention :<\/strong><\/p>\n<p>L&rsquo;\u00c9quipe Mobile intervient sur le territoire de la Communaut\u00e9 d&rsquo;Agglom\u00e9ration de B\u00e9thune-Bruay-Artois-Lys Romane et les 4 communes de la communaut\u00e9 de communes Flandres-Lys.<\/p>\n<p>[\/et_pb_text][\/et_pb_column][\/et_pb_row][\/et_pb_section][et_pb_section fb_built=\u00a0\u00bb1&Prime; _builder_version=\u00a0\u00bb4.11.2&Prime; _module_preset=\u00a0\u00bbdefault\u00a0\u00bb custom_padding=\u00a0\u00bb0px|||||\u00a0\u00bb global_colors_info=\u00a0\u00bb{}\u00a0\u00bb][et_pb_row _builder_version=\u00a0\u00bb4.11.2&Prime; _module_preset=\u00a0\u00bbdefault\u00a0\u00bb global_colors_info=\u00a0\u00bb{}\u00a0\u00bb][et_pb_column type=\u00a0\u00bb4_4&Prime; _builder_version=\u00a0\u00bb4.11.2&Prime; _module_preset=\u00a0\u00bbdefault\u00a0\u00bb global_colors_info=\u00a0\u00bb{}\u00a0\u00bb][et_pb_image src=\u00a0\u00bbhttps:\/\/www.pep62.fr\/pep62\/wp-content\/uploads\/2022\/04\/carte_secteur_empe_bethune-bruay-scaled.jpg\u00a0\u00bb title_text=\u00a0\u00bbcarte_secteur_empe_bethune-bruay\u00a0\u00bb _builder_version=\u00a0\u00bb4.11.2&Prime; _module_preset=\u00a0\u00bbdefault\u00a0\u00bb custom_padding=\u00a0\u00bb||63px|||\u00a0\u00bb global_colors_info=\u00a0\u00bb{}\u00a0\u00bb][\/et_pb_image][\/et_pb_column][\/et_pb_row][\/et_pb_section][et_pb_section fb_built=\u00a0\u00bb1&Prime; _builder_version=\u00a0\u00bb4.11.2&Prime; _module_preset=\u00a0\u00bbdefault\u00a0\u00bb global_colors_info=\u00a0\u00bb{}\u00a0\u00bb][et_pb_row _builder_version=\u00a0\u00bb4.11.2&Prime; _module_preset=\u00a0\u00bbdefault\u00a0\u00bb custom_margin=\u00a0\u00bb-29px|auto||auto||\u00a0\u00bb global_colors_info=\u00a0\u00bb{}\u00a0\u00bb][et_pb_column type=\u00a0\u00bb4_4&Prime; _builder_version=\u00a0\u00bb4.11.2&Prime; _module_preset=\u00a0\u00bbdefault\u00a0\u00bb global_colors_info=\u00a0\u00bb{}\u00a0\u00bb][et_pb_text _builder_version=\u00a0\u00bb4.11.2&Prime; _module_preset=\u00a0\u00bbdefault\u00a0\u00bb global_colors_info=\u00a0\u00bb{}\u00a0\u00bb]<\/p>\n<p style=\"text-align: center;\"><strong>Contacter l&rsquo;\u00c9quipe Mobile Petite Enfance du B\u00e9thunois :<\/strong><\/p>\n<p style=\"text-align: center;\">16 rue du Docteur Dhenin &#8211; 62 400 BETHUNE<br \/>T\u00e9l : 06 34 31 61 73<br \/>Mail : equipemobile.enfance.bethune@pep62.fr<\/p>\n<p>[\/et_pb_text][\/et_pb_column][\/et_pb_row][\/et_pb_section]<\/p>\n","protected":false},"excerpt":{"rendered":"<p>L&rsquo;\u00c9quipe Mobile Petite Enfance du B\u00e9thunois est un dispositif exp\u00e9rimental de 3 ans, financ\u00e9 par l&rsquo;ARS. Le Dispositif \u00a0est destin\u00e9 \u00e0 un public d\u2019enfants, de 0 \u00e0 6 ans, en situation de handicap, de vuln\u00e9rabilit\u00e9 ou de probl\u00e9matique social. Le projet vise \u00e0 r\u00e9pondre \u00e0 un besoin de soutien \u00e0 la parentalit\u00e9. L\u2019enjeu du dispositif [&hellip;]<\/p>\n","protected":false},"author":13,"featured_media":4895,"comment_status":"closed","ping_status":"closed","sticky":false,"template":"","format":"standard","meta":{"_et_pb_use_builder":"on","_et_pb_old_content":"[widgets_on_pages id=\"wop-widget-donvacances\"]","_et_gb_content_width":"","footnotes":""},"categories":[8,10],"tags":[],"class_list":["post-4894","post","type-post","status-publish","format-standard","has-post-thumbnail","hentry","category-publications","category-vedette"],"_links":{"self":[{"href":"https:\/\/www.pep62.fr\/pep62\/wp-json\/wp\/v2\/posts\/4894","targetHints":{"allow":["GET"]}}],"collection":[{"href":"https:\/\/www.pep62.fr\/pep62\/wp-json\/wp\/v2\/posts"}],"about":[{"href":"https:\/\/www.pep62.fr\/pep62\/wp-json\/wp\/v2\/types\/post"}],"author":[{"embeddable":true,"href":"https:\/\/www.pep62.fr\/pep62\/wp-json\/wp\/v2\/users\/13"}],"replies":[{"embeddable":true,"href":"https:\/\/www.pep62.fr\/pep62\/wp-json\/wp\/v2\/comments?post=4894"}],"version-history":[{"count":6,"href":"https:\/\/www.pep62.fr\/pep62\/wp-json\/wp\/v2\/posts\/4894\/revisions"}],"predecessor-version":[{"id":4939,"href":"https:\/\/www.pep62.fr\/pep62\/wp-json\/wp\/v2\/posts\/4894\/revisions\/4939"}],"wp:featuredmedia":[{"embeddable":true,"href":"https:\/\/www.pep62.fr\/pep62\/wp-json\/wp\/v2\/media\/4895"}],"wp:attachment":[{"href":"https:\/\/www.pep62.fr\/pep62\/wp-json\/wp\/v2\/media?parent=4894"}],"wp:term":[{"taxonomy":"category","embeddable":true,"href":"https:\/\/www.pep62.fr\/pep62\/wp-json\/wp\/v2\/categories?post=4894"},{"taxonomy":"post_tag","embeddable":true,"href":"https:\/\/www.pep62.fr\/pep62\/wp-json\/wp\/v2\/tags?post=4894"}],"curies":[{"name":"wp","href":"https:\/\/api.w.org\/{rel}","templated":true}]}}