{"id":5334,"date":"2022-08-25T11:39:19","date_gmt":"2022-08-25T09:39:19","guid":{"rendered":"https:\/\/www.pep62.fr\/pep62\/?p=5334"},"modified":"2022-08-25T11:42:27","modified_gmt":"2022-08-25T09:42:27","slug":"quand-le-sessad-pinocchio-darras-shabille-de-mille-couleurs-%f0%9f%8e%a8","status":"publish","type":"post","link":"https:\/\/www.pep62.fr\/pep62\/quand-le-sessad-pinocchio-darras-shabille-de-mille-couleurs-%f0%9f%8e%a8\/","title":{"rendered":"Quand le SESSAD Pinocchio, d&rsquo;Arras, s&rsquo;habille de mille couleurs"},"content":{"rendered":"<p>[et_pb_section fb_built=\u00a0\u00bb1&Prime; _builder_version=\u00a0\u00bb3.22&Prime; custom_padding=\u00a0\u00bb3px|||||\u00a0\u00bb global_colors_info=\u00a0\u00bb{}\u00a0\u00bb][et_pb_row _builder_version=\u00a0\u00bb4.11.2&Prime; _module_preset=\u00a0\u00bbdefault\u00a0\u00bb custom_margin=\u00a0\u00bb|auto|-73px|auto||\u00a0\u00bb global_colors_info=\u00a0\u00bb{}\u00a0\u00bb][et_pb_column type=\u00a0\u00bb4_4&Prime; _builder_version=\u00a0\u00bb4.11.2&Prime; _module_preset=\u00a0\u00bbdefault\u00a0\u00bb global_colors_info=\u00a0\u00bb{}\u00a0\u00bb][et_pb_text _builder_version=\u00a0\u00bb4.11.2&Prime; _module_preset=\u00a0\u00bbdefault\u00a0\u00bb min_height=\u00a0\u00bb270.8px\u00a0\u00bb global_colors_info=\u00a0\u00bb{}\u00a0\u00bb]<\/p>\n<p><span class=\"break-words\"><span><span dir=\"ltr\">Il y a un an, les professionnels du SESSAD Pinocchio ont investi leurs nouveaux locaux. Ce bel \u00e9tablissement, neuf mais tout blanc, m\u00e9ritait de se parer de jolies couleurs ! <\/span><\/span><\/span><\/p>\n<p>A cet effet, il a \u00e9t\u00e9 d\u00e9cid\u00e9 de r\u00e9aliser un graffiti repr\u00e9sentant un Pinocchio, embl\u00e8me du SESSAD depuis sa cr\u00e9ation en 2005.Quant aux portes et aux murs, des couleurs chaudes et froides ont \u00e9t\u00e9 choisies afin d&rsquo;aider les jeunes \u00e0 distinguer les diff\u00e9rentes pi\u00e8ces.<\/p>\n<p>Deux jeunes, accompagn\u00e9s par les professionnelles, ont pu apporter leur touche au TAG sur le mur de l\u2019accueil en peignant et dessinant certains traits. Concentr\u00e9s et appliqu\u00e9s, les jeunes ont \u00e9t\u00e9 ravis de participer \u00e0 cette belle r\u00e9alisation qui \u00e9gaille d\u00e9sormais l\u2019accueil du SESSAD ?<\/p>\n<p>[\/et_pb_text][\/et_pb_column][\/et_pb_row][\/et_pb_section][et_pb_section fb_built=\u00a0\u00bb1&Prime; _builder_version=\u00a0\u00bb4.11.2&Prime; _module_preset=\u00a0\u00bbdefault\u00a0\u00bb global_colors_info=\u00a0\u00bb{}\u00a0\u00bb][et_pb_row column_structure=\u00a0\u00bb1_2,1_2&Prime; _builder_version=\u00a0\u00bb4.11.2&Prime; _module_preset=\u00a0\u00bbdefault\u00a0\u00bb global_colors_info=\u00a0\u00bb{}\u00a0\u00bb][et_pb_column type=\u00a0\u00bb1_2&Prime; _builder_version=\u00a0\u00bb4.11.2&Prime; _module_preset=\u00a0\u00bbdefault\u00a0\u00bb global_colors_info=\u00a0\u00bb{}\u00a0\u00bb][et_pb_image src=\u00a0\u00bbhttps:\/\/www.pep62.fr\/pep62\/wp-content\/uploads\/2022\/08\/hcu.png\u00a0\u00bb title_text=\u00a0\u00bbh\u00e7u\u00a0\u00bb _builder_version=\u00a0\u00bb4.11.2&Prime; _module_preset=\u00a0\u00bbdefault\u00a0\u00bb custom_padding=\u00a0\u00bb|36px|0px|||\u00a0\u00bb global_colors_info=\u00a0\u00bb{}\u00a0\u00bb][\/et_pb_image][\/et_pb_column][et_pb_column type=\u00a0\u00bb1_2&Prime; _builder_version=\u00a0\u00bb4.11.2&Prime; _module_preset=\u00a0\u00bbdefault\u00a0\u00bb global_colors_info=\u00a0\u00bb{}\u00a0\u00bb][et_pb_image src=\u00a0\u00bbhttps:\/\/www.pep62.fr\/pep62\/wp-content\/uploads\/2022\/08\/Sans-titre-1.jpg\u00a0\u00bb title_text=\u00a0\u00bbSans titre-1&Prime; _builder_version=\u00a0\u00bb4.11.2&Prime; _module_preset=\u00a0\u00bbdefault\u00a0\u00bb global_colors_info=\u00a0\u00bb{}\u00a0\u00bb][\/et_pb_image][\/et_pb_column][\/et_pb_row][\/et_pb_section][et_pb_section fb_built=\u00a0\u00bb1&Prime; _builder_version=\u00a0\u00bb4.11.2&Prime; _module_preset=\u00a0\u00bbdefault\u00a0\u00bb global_colors_info=\u00a0\u00bb{}\u00a0\u00bb][et_pb_row _builder_version=\u00a0\u00bb4.11.2&Prime; _module_preset=\u00a0\u00bbdefault\u00a0\u00bb custom_margin=\u00a0\u00bb-42px|auto||auto||\u00a0\u00bb global_colors_info=\u00a0\u00bb{}\u00a0\u00bb][et_pb_column type=\u00a0\u00bb4_4&Prime; _builder_version=\u00a0\u00bb4.11.2&Prime; _module_preset=\u00a0\u00bbdefault\u00a0\u00bb global_colors_info=\u00a0\u00bb{}\u00a0\u00bb][et_pb_text _builder_version=\u00a0\u00bb4.11.2&Prime; _module_preset=\u00a0\u00bbdefault\u00a0\u00bb global_colors_info=\u00a0\u00bb{}\u00a0\u00bb]<\/p>\n<p style=\"text-align: center;\"><em><strong>Contacter le SESSAD PINOCCHIO<\/strong> <\/em><span><\/span><\/p>\n<div class=\"et_pb_blurb_description\">\n<p style=\"text-align: center;\"><i class=\"fas fa-envelope\"><\/i> 10, rue Willy Brandt, Parc des Bonnettes, 62 000 Arras<br \/><i class=\"fas fa-phone-alt\"><\/i> 03 21 15 46 20<br \/><i class=\"fas fa-at\"><\/i><a href=\"mailto:sessad.pinocchio@pep62.fr\" target=\"_blank\" rel=\"noopener noreferrer\"> sessad.pinocchio@pep62.fr<\/a><\/p>\n<\/div>\n<p>[\/et_pb_text][\/et_pb_column][\/et_pb_row][\/et_pb_section]<\/p>\n","protected":false},"excerpt":{"rendered":"<p>Il y a un an, les professionnels du SESSAD Pinocchio ont investi leurs nouveaux locaux. Ce bel \u00e9tablissement, neuf mais tout blanc, m\u00e9ritait de se parer de jolies couleurs ! A cet effet, il a \u00e9t\u00e9 d\u00e9cid\u00e9 de r\u00e9aliser un graffiti repr\u00e9sentant un Pinocchio, embl\u00e8me du SESSAD depuis sa cr\u00e9ation en 2005.Quant aux portes et [&hellip;]<\/p>\n","protected":false},"author":13,"featured_media":5335,"comment_status":"closed","ping_status":"closed","sticky":false,"template":"","format":"standard","meta":{"_et_pb_use_builder":"on","_et_pb_old_content":"[widgets_on_pages id=\"wop-widget-donvacances\"]","_et_gb_content_width":"","footnotes":""},"categories":[8,10],"tags":[],"class_list":["post-5334","post","type-post","status-publish","format-standard","has-post-thumbnail","hentry","category-publications","category-vedette"],"_links":{"self":[{"href":"https:\/\/www.pep62.fr\/pep62\/wp-json\/wp\/v2\/posts\/5334","targetHints":{"allow":["GET"]}}],"collection":[{"href":"https:\/\/www.pep62.fr\/pep62\/wp-json\/wp\/v2\/posts"}],"about":[{"href":"https:\/\/www.pep62.fr\/pep62\/wp-json\/wp\/v2\/types\/post"}],"author":[{"embeddable":true,"href":"https:\/\/www.pep62.fr\/pep62\/wp-json\/wp\/v2\/users\/13"}],"replies":[{"embeddable":true,"href":"https:\/\/www.pep62.fr\/pep62\/wp-json\/wp\/v2\/comments?post=5334"}],"version-history":[{"count":5,"href":"https:\/\/www.pep62.fr\/pep62\/wp-json\/wp\/v2\/posts\/5334\/revisions"}],"predecessor-version":[{"id":5343,"href":"https:\/\/www.pep62.fr\/pep62\/wp-json\/wp\/v2\/posts\/5334\/revisions\/5343"}],"wp:featuredmedia":[{"embeddable":true,"href":"https:\/\/www.pep62.fr\/pep62\/wp-json\/wp\/v2\/media\/5335"}],"wp:attachment":[{"href":"https:\/\/www.pep62.fr\/pep62\/wp-json\/wp\/v2\/media?parent=5334"}],"wp:term":[{"taxonomy":"category","embeddable":true,"href":"https:\/\/www.pep62.fr\/pep62\/wp-json\/wp\/v2\/categories?post=5334"},{"taxonomy":"post_tag","embeddable":true,"href":"https:\/\/www.pep62.fr\/pep62\/wp-json\/wp\/v2\/tags?post=5334"}],"curies":[{"name":"wp","href":"https:\/\/api.w.org\/{rel}","templated":true}]}}