{"id":5846,"date":"2022-12-01T11:18:35","date_gmt":"2022-12-01T10:18:35","guid":{"rendered":"https:\/\/www.pep62.fr\/pep62\/?p=5846"},"modified":"2022-12-01T11:30:45","modified_gmt":"2022-12-01T10:30:45","slug":"direction-le-ski","status":"publish","type":"post","link":"https:\/\/www.pep62.fr\/pep62\/direction-le-ski\/","title":{"rendered":"Direction le ski !"},"content":{"rendered":"<p>[et_pb_section fb_built=\u00a0\u00bb1&Prime; _builder_version=\u00a0\u00bb3.22&Prime; custom_padding=\u00a0\u00bb3px|||||\u00a0\u00bb global_colors_info=\u00a0\u00bb{}\u00a0\u00bb][et_pb_row _builder_version=\u00a0\u00bb4.11.2&Prime; _module_preset=\u00a0\u00bbdefault\u00a0\u00bb custom_margin=\u00a0\u00bb|auto|-73px|auto||\u00a0\u00bb global_colors_info=\u00a0\u00bb{}\u00a0\u00bb][et_pb_column type=\u00a0\u00bb4_4&Prime; _builder_version=\u00a0\u00bb4.11.2&Prime; _module_preset=\u00a0\u00bbdefault\u00a0\u00bb global_colors_info=\u00a0\u00bb{}\u00a0\u00bb][et_pb_text _builder_version=\u00a0\u00bb4.11.2&Prime; _module_preset=\u00a0\u00bbdefault\u00a0\u00bb min_height=\u00a0\u00bb270.8px\u00a0\u00bb global_colors_info=\u00a0\u00bb{}\u00a0\u00bb]<\/p>\n<div class=\"et_pb_module et_pb_text et_pb_text_2 et_pb_text_align_left et_pb_bg_layout_light\">\n<div class=\"et_pb_text_inner\">\n<p>Faites d\u00e9couvrir la Vall\u00e9e de la Chartreuse et du Vercors \u00e0 vos enfants, gr\u00e2ce \u00e0 notre s\u00e9jour au ski !<\/p>\n<p>A 1 450m d\u2019altitude, ils pourront faire du ski alpin, du ski de fond, des balades en raquettes pour observer la for\u00eat, du biathlon, de nombreuses sorties pour d\u00e9couvrir la station et les alentours, des jeux de neige, des activit\u00e9s manuelles ou encore des veill\u00e9es !<\/p>\n<p>Informations compl\u00e9mentaires :<\/p>\n<p>&#8211; Dates : du 16 d\u00e9cembre au 24 d\u00e9cembre<br \/>&#8211; Tranche d&rsquo;\u00e2ge : 6-17 ans<br \/>&#8211; Le centre : situ\u00e9 dans la chaine de Belledonne, en plein coeur d&rsquo;une station de ski familiale, dans le d\u00e9partement de l&rsquo;Is\u00e8re. <\/p>\n<p>Parcourez la brochure ci-dessous pour plus de renseignements sur le contenu, et la destination, de ces vacances hivernales :<\/p>\n<\/div>\n<\/div>\n<p style=\"text-align: justify;\">\n<p>[\/et_pb_text][\/et_pb_column][\/et_pb_row][et_pb_row _builder_version=\u00a0\u00bb4.11.2&Prime; _module_preset=\u00a0\u00bbdefault\u00a0\u00bb global_colors_info=\u00a0\u00bb{}\u00a0\u00bb][et_pb_column type=\u00a0\u00bb4_4&Prime; _builder_version=\u00a0\u00bb4.11.2&Prime; _module_preset=\u00a0\u00bbdefault\u00a0\u00bb global_colors_info=\u00a0\u00bb{}\u00a0\u00bb][et_pb_button button_url=\u00a0\u00bbhttps:\/\/www.pep62.fr\/pep62\/wp-content\/uploads\/2022\/12\/Ski-en-Isere-2022-Tout-public-1.pdf\u00a0\u00bb button_text=\u00a0\u00bbT\u00e9l\u00e9charger la fiche s\u00e9jour hiver 2022&Prime; _builder_version=\u00a0\u00bb4.11.2&Prime; _module_preset=\u00a0\u00bbdefault\u00a0\u00bb global_colors_info=\u00a0\u00bb{}\u00a0\u00bb][\/et_pb_button][\/et_pb_column][\/et_pb_row][\/et_pb_section][et_pb_section fb_built=\u00a0\u00bb1&Prime; _builder_version=\u00a0\u00bb4.11.2&Prime; _module_preset=\u00a0\u00bbdefault\u00a0\u00bb custom_margin=\u00a0\u00bb-55px|||||\u00a0\u00bb global_colors_info=\u00a0\u00bb{}\u00a0\u00bb][et_pb_row _builder_version=\u00a0\u00bb4.11.2&Prime; _module_preset=\u00a0\u00bbdefault\u00a0\u00bb global_colors_info=\u00a0\u00bb{}\u00a0\u00bb][et_pb_column type=\u00a0\u00bb4_4&Prime; _builder_version=\u00a0\u00bb4.11.2&Prime; _module_preset=\u00a0\u00bbdefault\u00a0\u00bb global_colors_info=\u00a0\u00bb{}\u00a0\u00bb][et_pb_text _builder_version=\u00a0\u00bb4.11.2&Prime; _module_preset=\u00a0\u00bbdefault\u00a0\u00bb global_colors_info=\u00a0\u00bb{}\u00a0\u00bb]<\/p>\n<p>Des questions ? Merci de contacter directement le service PEVLC de notre association au 03.21.50.92.60 ou par mail, \u00e0 <a href=\"mailto:gr.vacances@pep62.fr\">gr.vacances@pep62.fr<\/a> <\/p>\n<p>[\/et_pb_text][\/et_pb_column][\/et_pb_row][\/et_pb_section]<\/p>\n","protected":false},"excerpt":{"rendered":"<p>Faites d\u00e9couvrir la Vall\u00e9e de la Chartreuse et du Vercors \u00e0 vos enfants, gr\u00e2ce \u00e0 notre s\u00e9jour au ski ! A 1 450m d\u2019altitude, ils pourront faire du ski alpin, du ski de fond, des balades en raquettes pour observer la for\u00eat, du biathlon, de nombreuses sorties pour d\u00e9couvrir la station et les alentours, des [&hellip;]<\/p>\n","protected":false},"author":13,"featured_media":5854,"comment_status":"closed","ping_status":"closed","sticky":false,"template":"","format":"standard","meta":{"_et_pb_use_builder":"on","_et_pb_old_content":"[widgets_on_pages id=\"wop-widget-donvacances\"]","_et_gb_content_width":"","footnotes":""},"categories":[8,10],"tags":[],"class_list":["post-5846","post","type-post","status-publish","format-standard","has-post-thumbnail","hentry","category-publications","category-vedette"],"_links":{"self":[{"href":"https:\/\/www.pep62.fr\/pep62\/wp-json\/wp\/v2\/posts\/5846","targetHints":{"allow":["GET"]}}],"collection":[{"href":"https:\/\/www.pep62.fr\/pep62\/wp-json\/wp\/v2\/posts"}],"about":[{"href":"https:\/\/www.pep62.fr\/pep62\/wp-json\/wp\/v2\/types\/post"}],"author":[{"embeddable":true,"href":"https:\/\/www.pep62.fr\/pep62\/wp-json\/wp\/v2\/users\/13"}],"replies":[{"embeddable":true,"href":"https:\/\/www.pep62.fr\/pep62\/wp-json\/wp\/v2\/comments?post=5846"}],"version-history":[{"count":4,"href":"https:\/\/www.pep62.fr\/pep62\/wp-json\/wp\/v2\/posts\/5846\/revisions"}],"predecessor-version":[{"id":5855,"href":"https:\/\/www.pep62.fr\/pep62\/wp-json\/wp\/v2\/posts\/5846\/revisions\/5855"}],"wp:featuredmedia":[{"embeddable":true,"href":"https:\/\/www.pep62.fr\/pep62\/wp-json\/wp\/v2\/media\/5854"}],"wp:attachment":[{"href":"https:\/\/www.pep62.fr\/pep62\/wp-json\/wp\/v2\/media?parent=5846"}],"wp:term":[{"taxonomy":"category","embeddable":true,"href":"https:\/\/www.pep62.fr\/pep62\/wp-json\/wp\/v2\/categories?post=5846"},{"taxonomy":"post_tag","embeddable":true,"href":"https:\/\/www.pep62.fr\/pep62\/wp-json\/wp\/v2\/tags?post=5846"}],"curies":[{"name":"wp","href":"https:\/\/api.w.org\/{rel}","templated":true}]}}