{"id":6259,"date":"2023-05-15T11:47:37","date_gmt":"2023-05-15T09:47:37","guid":{"rendered":"https:\/\/www.pep62.fr\/pep62\/?p=6259"},"modified":"2023-05-15T11:54:11","modified_gmt":"2023-05-15T09:54:11","slug":"les-petites-voix","status":"publish","type":"post","link":"https:\/\/www.pep62.fr\/pep62\/les-petites-voix\/","title":{"rendered":"Les Petites Voix"},"content":{"rendered":"<p>[et_pb_section fb_built=\u00a0\u00bb1&Prime; admin_label=\u00a0\u00bbsection\u00a0\u00bb _builder_version=\u00a0\u00bb4.16&Prime; global_colors_info=\u00a0\u00bb{}\u00a0\u00bb custom_padding=\u00a0\u00bb49px|||||\u00a0\u00bb][et_pb_row admin_label=\u00a0\u00bbrow\u00a0\u00bb _builder_version=\u00a0\u00bb4.16&Prime; background_size=\u00a0\u00bbinitial\u00a0\u00bb background_position=\u00a0\u00bbtop_left\u00a0\u00bb background_repeat=\u00a0\u00bbrepeat\u00a0\u00bb min_height=\u00a0\u00bb367.3px\u00a0\u00bb custom_margin=\u00a0\u00bb-20px|auto|-85px|auto||\u00a0\u00bb global_colors_info=\u00a0\u00bb{}\u00a0\u00bb custom_padding=\u00a0\u00bb0px|||||\u00a0\u00bb][et_pb_column type=\u00a0\u00bb4_4&Prime; _builder_version=\u00a0\u00bb4.16&Prime; custom_padding=\u00a0\u00bb|||\u00a0\u00bb global_colors_info=\u00a0\u00bb{}\u00a0\u00bb custom_padding__hover=\u00a0\u00bb|||\u00a0\u00bb][et_pb_text admin_label=\u00a0\u00bbText\u00a0\u00bb _builder_version=\u00a0\u00bb4.16&Prime; background_size=\u00a0\u00bbinitial\u00a0\u00bb background_position=\u00a0\u00bbtop_left\u00a0\u00bb background_repeat=\u00a0\u00bbrepeat\u00a0\u00bb min_height=\u00a0\u00bb284px\u00a0\u00bb custom_padding=\u00a0\u00bb|||0px||\u00a0\u00bb global_colors_info=\u00a0\u00bb{}\u00a0\u00bb]<\/p>\n<p style=\"text-align: justify;\"><span style=\"color: #4fc6ab; font-size: large;\"><strong><span style=\"color: #014a99;\">\u00a0Les Petites Voix<\/span><br \/><\/strong><\/span><\/p>\n<p style=\"text-align: justify;\"><span class=\"break-words\"><span dir=\"ltr\">C&rsquo;est une action qui a \u00e9t\u00e9 r\u00e9alis\u00e9e en avril 2023, entre les jeunes de notre MECS de Campagne-les-Hesdin et La M\u00e9canique du Fluide, Compagnie du spectacle vivant. <br \/><\/span><\/span><\/p>\n<p style=\"text-align: justify;\">Les ateliers \u00ab\u00a0Les Petites Voix\u00a0\u00bb ont fait suite \u00e0 un spectacle, qui a eu lieu en 2022, avec\u00a02 musiciens\u00a0(violoniste et percussionniste)\u00a0qui sillonnent les \u00ab\u00a07 vall\u00e9es\u00a0\u00bb en v\u00e9lo. Ils \u00e9taient venus partager des repas ainsi que leur connaissance des instruments musicaux avec diff\u00e9rents groupes de la MECS.<\/p>\n<p style=\"text-align: justify;\">L&rsquo;atelier \u00ab\u00a0Th\u00e9\u00e2tre d&rsquo;ombres\u00a0\u00bb a permis \u00e0 8 jeunes, de 7 \u00e0 15 ans, volontaires, de participer \u00e0 la r\u00e9alisation de marionnettes ainsi qu&rsquo;\u00e0 la mise en place du spectacle (visionnable ci-dessous). Celui-ci a \u00e9t\u00e9 propos\u00e9 aux autres jeunes de la MECS, et aux accompagnants, ainsi que la pr\u00e9sentation de l&rsquo;A(gneua)stronaute par la compagnie.<\/p>\n<p style=\"text-align: justify;\">Puis, une fresque, dessin\u00e9e par un grapheur, a \u00e9galement \u00e9t\u00e9 remise \u00e0 chaque enfant, ainsi qu&rsquo;un grand format, qui d\u00e9core maintenant les bureaux.<\/p>\n<p>Merci \u00e0\u00a0 Laur\u00e8ne Bricout, Charg\u00e9e de D\u00e9veloppement Culturel, au D\u00e9partement du Pas-de-Calais, au metteur en sc\u00e8ne de la Compagnie ainsi qu&rsquo;\u00e0 toute l&rsquo;\u00e9quipe cadre pour l&rsquo;organisation de cette action r\u00e9ussie, tr\u00e8s appr\u00e9ci\u00e9e de tous !<\/p>\n<p>[\/et_pb_text][\/et_pb_column][\/et_pb_row][\/et_pb_section][et_pb_section fb_built=\u00a0\u00bb1&Prime; theme_builder_area=\u00a0\u00bbpost_content\u00a0\u00bb _builder_version=\u00a0\u00bb4.19.2&Prime; _module_preset=\u00a0\u00bbdefault\u00a0\u00bb custom_padding=\u00a0\u00bb0px|||||\u00a0\u00bb][et_pb_row _builder_version=\u00a0\u00bb4.19.2&Prime; _module_preset=\u00a0\u00bbdefault\u00a0\u00bb theme_builder_area=\u00a0\u00bbpost_content\u00a0\u00bb][et_pb_column _builder_version=\u00a0\u00bb4.19.2&Prime; _module_preset=\u00a0\u00bbdefault\u00a0\u00bb type=\u00a0\u00bb4_4&Prime; theme_builder_area=\u00a0\u00bbpost_content\u00a0\u00bb][et_pb_video src=\u00a0\u00bbhttps:\/\/www.youtube.com\/watch?v=Dx5VI8jakHc&#038;list=PLxuKAKNlswpllSefnQlE3D6rkSxUVpUQK&#038;index=17&Prime; _builder_version=\u00a0\u00bb4.19.2&Prime; _module_preset=\u00a0\u00bbdefault\u00a0\u00bb theme_builder_area=\u00a0\u00bbpost_content\u00a0\u00bb hover_enabled=\u00a0\u00bb0&Prime; sticky_enabled=\u00a0\u00bb0&Prime;][\/et_pb_video][\/et_pb_column][\/et_pb_row][\/et_pb_section]<\/p>\n","protected":false},"excerpt":{"rendered":"<p>\u00a0Les Petites Voix C&rsquo;est une action qui a \u00e9t\u00e9 r\u00e9alis\u00e9e en avril 2023, entre les jeunes de notre MECS de Campagne-les-Hesdin et La M\u00e9canique du Fluide, Compagnie du spectacle vivant. Les ateliers \u00ab\u00a0Les Petites Voix\u00a0\u00bb ont fait suite \u00e0 un spectacle, qui a eu lieu en 2022, avec\u00a02 musiciens\u00a0(violoniste et percussionniste)\u00a0qui sillonnent les \u00ab\u00a07 vall\u00e9es\u00a0\u00bb [&hellip;]<\/p>\n","protected":false},"author":13,"featured_media":6264,"comment_status":"closed","ping_status":"closed","sticky":false,"template":"","format":"standard","meta":{"_et_pb_use_builder":"on","_et_pb_old_content":"<strong>Index de l\u2019\u00e9galit\u00e9 femmes-hommes<\/strong>\r\n\r\nLa loi pour une libert\u00e9 de choisir son avenir professionnel du 5 septembre 2018 fait de l\u2019\u00e9galit\u00e9 salariale entre les hommes et les femmes une obligation de r\u00e9sultat pour les entreprises. Cette loi impose notamment aux entreprises de mesurer chaque ann\u00e9e leur index de l\u2019\u00e9galit\u00e9 femmes-hommes, afin d\u2019\u00e9valuer les diff\u00e9rences de r\u00e9mun\u00e9ration.\r\n\r\nSous la forme d\u2019une note sur 100, cet index se compose de cinq grands crit\u00e8res qui \u00e9valuent les in\u00e9galit\u00e9s entre les femmes et les hommes dans les entreprises : les \u00e9carts de salaires, les \u00e9carts des augmentations et promotions individuelles, la part des salari\u00e9es augment\u00e9es au retour de leur cong\u00e9 maternit\u00e9 et enfin le nombre de femmes parmi les dix plus hauts salaires.\r\n\r\nL\u2019Association PEP62 obtient une note globale de 65\/100.","_et_gb_content_width":"","footnotes":""},"categories":[8,10],"tags":[],"class_list":["post-6259","post","type-post","status-publish","format-standard","has-post-thumbnail","hentry","category-publications","category-vedette"],"_links":{"self":[{"href":"https:\/\/www.pep62.fr\/pep62\/wp-json\/wp\/v2\/posts\/6259","targetHints":{"allow":["GET"]}}],"collection":[{"href":"https:\/\/www.pep62.fr\/pep62\/wp-json\/wp\/v2\/posts"}],"about":[{"href":"https:\/\/www.pep62.fr\/pep62\/wp-json\/wp\/v2\/types\/post"}],"author":[{"embeddable":true,"href":"https:\/\/www.pep62.fr\/pep62\/wp-json\/wp\/v2\/users\/13"}],"replies":[{"embeddable":true,"href":"https:\/\/www.pep62.fr\/pep62\/wp-json\/wp\/v2\/comments?post=6259"}],"version-history":[{"count":4,"href":"https:\/\/www.pep62.fr\/pep62\/wp-json\/wp\/v2\/posts\/6259\/revisions"}],"predecessor-version":[{"id":6266,"href":"https:\/\/www.pep62.fr\/pep62\/wp-json\/wp\/v2\/posts\/6259\/revisions\/6266"}],"wp:featuredmedia":[{"embeddable":true,"href":"https:\/\/www.pep62.fr\/pep62\/wp-json\/wp\/v2\/media\/6264"}],"wp:attachment":[{"href":"https:\/\/www.pep62.fr\/pep62\/wp-json\/wp\/v2\/media?parent=6259"}],"wp:term":[{"taxonomy":"category","embeddable":true,"href":"https:\/\/www.pep62.fr\/pep62\/wp-json\/wp\/v2\/categories?post=6259"},{"taxonomy":"post_tag","embeddable":true,"href":"https:\/\/www.pep62.fr\/pep62\/wp-json\/wp\/v2\/tags?post=6259"}],"curies":[{"name":"wp","href":"https:\/\/api.w.org\/{rel}","templated":true}]}}