{"id":6318,"date":"2023-07-07T09:29:12","date_gmt":"2023-07-07T07:29:12","guid":{"rendered":"https:\/\/www.pep62.fr\/pep62\/?p=6318"},"modified":"2023-07-07T09:58:53","modified_gmt":"2023-07-07T07:58:53","slug":"nouveaupresident","status":"publish","type":"post","link":"https:\/\/www.pep62.fr\/pep62\/nouveaupresident\/","title":{"rendered":"Fernand Vanobberghen, nouveau Pr\u00e9sident de la F\u00e9d\u00e9ration G\u00e9n\u00e9rale des PEP"},"content":{"rendered":"<p>[et_pb_section fb_built=\u00a0\u00bb1&Prime; admin_label=\u00a0\u00bbsection\u00a0\u00bb _builder_version=\u00a0\u00bb4.16&Prime; custom_padding=\u00a0\u00bb49px|||||\u00a0\u00bb global_colors_info=\u00a0\u00bb{}\u00a0\u00bb][et_pb_row admin_label=\u00a0\u00bbrow\u00a0\u00bb _builder_version=\u00a0\u00bb4.16&Prime; background_size=\u00a0\u00bbinitial\u00a0\u00bb background_position=\u00a0\u00bbtop_left\u00a0\u00bb background_repeat=\u00a0\u00bbrepeat\u00a0\u00bb min_height=\u00a0\u00bb367.3px\u00a0\u00bb custom_margin=\u00a0\u00bb-20px|auto|-85px|auto||\u00a0\u00bb custom_padding=\u00a0\u00bb0px|||||\u00a0\u00bb global_colors_info=\u00a0\u00bb{}\u00a0\u00bb][et_pb_column type=\u00a0\u00bb4_4&Prime; _builder_version=\u00a0\u00bb4.16&Prime; custom_padding=\u00a0\u00bb|||\u00a0\u00bb global_colors_info=\u00a0\u00bb{}\u00a0\u00bb custom_padding__hover=\u00a0\u00bb|||\u00a0\u00bb][et_pb_text admin_label=\u00a0\u00bbText\u00a0\u00bb _builder_version=\u00a0\u00bb4.16&Prime; background_size=\u00a0\u00bbinitial\u00a0\u00bb background_position=\u00a0\u00bbtop_left\u00a0\u00bb background_repeat=\u00a0\u00bbrepeat\u00a0\u00bb min_height=\u00a0\u00bb284px\u00a0\u00bb custom_padding=\u00a0\u00bb|||0px||\u00a0\u00bb global_colors_info=\u00a0\u00bb{}\u00a0\u00bb]<\/p>\n<p>Au Palais des Congr\u00e8s Le Kursaal de Dunkerque, pr\u00e8s de 200 repr\u00e9sentants du r\u00e9seau et mouvement PEP \u00e9taient r\u00e9unis pour la 102<sup>e<\/sup> assembl\u00e9e g\u00e9n\u00e9rale annuelle de la F\u00e9d\u00e9ration g\u00e9n\u00e9rale des PEP qui s\u2019est tenue du 27 au 29 juin 2023.<\/p>\n<p><strong>A l\u2019issue du renouvellement du Conseil d\u2019Administration, Fernand Vanobberghen a \u00e9t\u00e9 \u00e9lu nouveau Pr\u00e9sident de la F\u00e9d\u00e9ration g\u00e9n\u00e9rale des PEP. <\/strong>Il prend la succession de Dominique Gillot, ancienne Ministre, qui a pr\u00e9sid\u00e9 la F\u00e9d\u00e9ration pendant 4 ans.<\/p>\n<p><strong>L\u2019Assembl\u00e9e g\u00e9n\u00e9rale a \u00e9galement adopt\u00e9 le 6<sup>e<\/sup> projet f\u00e9d\u00e9ral\u00a0 2023\/2028 qui donne les objectifs de travail pour les ann\u00e9es \u00e0 venir et qui sera port\u00e9 par le nouveau Pr\u00e9sident.\u00a0<\/strong><\/p>\n<p><span style=\"text-decoration: underline;\"><a href=\"https:\/\/www.pep62.fr\/pep62\/wp-content\/uploads\/2023\/07\/CP-FV-nouveau-President-de-la-FGPEP-29-06-2023-V2-1516.pdf\"><strong>Retrouvez, en cliquant ici, le communiqu\u00e9 de presse publi\u00e9e par la F\u00e9d\u00e9ration g\u00e9n\u00e9rale des PEP \u00e0 cette occasion.<\/strong><\/a><\/span><\/p>\n<p>[\/et_pb_text][\/et_pb_column][\/et_pb_row][\/et_pb_section]<\/p>\n","protected":false},"excerpt":{"rendered":"<p>Au Palais des Congr\u00e8s Le Kursaal de Dunkerque, pr\u00e8s de 200 repr\u00e9sentants du r\u00e9seau et mouvement PEP \u00e9taient r\u00e9unis pour la 102e assembl\u00e9e g\u00e9n\u00e9rale annuelle de la F\u00e9d\u00e9ration g\u00e9n\u00e9rale des PEP qui s\u2019est tenue du 27 au 29 juin 2023. A l\u2019issue du renouvellement du Conseil d\u2019Administration, Fernand Vanobberghen a \u00e9t\u00e9 \u00e9lu nouveau Pr\u00e9sident de [&hellip;]<\/p>\n","protected":false},"author":13,"featured_media":6319,"comment_status":"closed","ping_status":"closed","sticky":false,"template":"","format":"standard","meta":{"_et_pb_use_builder":"on","_et_pb_old_content":"<strong>Index de l\u2019\u00e9galit\u00e9 femmes-hommes<\/strong>\r\n\r\nLa loi pour une libert\u00e9 de choisir son avenir professionnel du 5 septembre 2018 fait de l\u2019\u00e9galit\u00e9 salariale entre les hommes et les femmes une obligation de r\u00e9sultat pour les entreprises. Cette loi impose notamment aux entreprises de mesurer chaque ann\u00e9e leur index de l\u2019\u00e9galit\u00e9 femmes-hommes, afin d\u2019\u00e9valuer les diff\u00e9rences de r\u00e9mun\u00e9ration.\r\n\r\nSous la forme d\u2019une note sur 100, cet index se compose de cinq grands crit\u00e8res qui \u00e9valuent les in\u00e9galit\u00e9s entre les femmes et les hommes dans les entreprises : les \u00e9carts de salaires, les \u00e9carts des augmentations et promotions individuelles, la part des salari\u00e9es augment\u00e9es au retour de leur cong\u00e9 maternit\u00e9 et enfin le nombre de femmes parmi les dix plus hauts salaires.\r\n\r\nL\u2019Association PEP62 obtient une note globale de 65\/100.","_et_gb_content_width":"","footnotes":""},"categories":[8,10],"tags":[],"class_list":["post-6318","post","type-post","status-publish","format-standard","has-post-thumbnail","hentry","category-publications","category-vedette"],"_links":{"self":[{"href":"https:\/\/www.pep62.fr\/pep62\/wp-json\/wp\/v2\/posts\/6318","targetHints":{"allow":["GET"]}}],"collection":[{"href":"https:\/\/www.pep62.fr\/pep62\/wp-json\/wp\/v2\/posts"}],"about":[{"href":"https:\/\/www.pep62.fr\/pep62\/wp-json\/wp\/v2\/types\/post"}],"author":[{"embeddable":true,"href":"https:\/\/www.pep62.fr\/pep62\/wp-json\/wp\/v2\/users\/13"}],"replies":[{"embeddable":true,"href":"https:\/\/www.pep62.fr\/pep62\/wp-json\/wp\/v2\/comments?post=6318"}],"version-history":[{"count":3,"href":"https:\/\/www.pep62.fr\/pep62\/wp-json\/wp\/v2\/posts\/6318\/revisions"}],"predecessor-version":[{"id":6324,"href":"https:\/\/www.pep62.fr\/pep62\/wp-json\/wp\/v2\/posts\/6318\/revisions\/6324"}],"wp:featuredmedia":[{"embeddable":true,"href":"https:\/\/www.pep62.fr\/pep62\/wp-json\/wp\/v2\/media\/6319"}],"wp:attachment":[{"href":"https:\/\/www.pep62.fr\/pep62\/wp-json\/wp\/v2\/media?parent=6318"}],"wp:term":[{"taxonomy":"category","embeddable":true,"href":"https:\/\/www.pep62.fr\/pep62\/wp-json\/wp\/v2\/categories?post=6318"},{"taxonomy":"post_tag","embeddable":true,"href":"https:\/\/www.pep62.fr\/pep62\/wp-json\/wp\/v2\/tags?post=6318"}],"curies":[{"name":"wp","href":"https:\/\/api.w.org\/{rel}","templated":true}]}}