{"id":6751,"date":"2023-09-14T10:09:27","date_gmt":"2023-09-14T08:09:27","guid":{"rendered":"https:\/\/www.pep62.fr\/pep62\/?p=6751"},"modified":"2023-09-14T10:12:42","modified_gmt":"2023-09-14T08:12:42","slug":"quand-la-maison-denfants-recoit-mr-le-depute-philippe-fait","status":"publish","type":"post","link":"https:\/\/www.pep62.fr\/pep62\/quand-la-maison-denfants-recoit-mr-le-depute-philippe-fait\/","title":{"rendered":"Quand la Maison d&rsquo;Enfants re\u00e7oit Mr le D\u00e9put\u00e9, Philippe Fait"},"content":{"rendered":"<p>[et_pb_section fb_built=\u00a0\u00bb1&Prime; admin_label=\u00a0\u00bbsection\u00a0\u00bb _builder_version=\u00a0\u00bb4.16&Prime; custom_padding=\u00a0\u00bb49px|||||\u00a0\u00bb global_colors_info=\u00a0\u00bb{}\u00a0\u00bb][et_pb_row admin_label=\u00a0\u00bbrow\u00a0\u00bb _builder_version=\u00a0\u00bb4.16&Prime; background_size=\u00a0\u00bbinitial\u00a0\u00bb background_position=\u00a0\u00bbtop_left\u00a0\u00bb background_repeat=\u00a0\u00bbrepeat\u00a0\u00bb min_height=\u00a0\u00bb141.3px\u00a0\u00bb custom_margin=\u00a0\u00bb-20px|auto|-85px|auto||\u00a0\u00bb custom_padding=\u00a0\u00bb0px||293px|||\u00a0\u00bb global_colors_info=\u00a0\u00bb{}\u00a0\u00bb][et_pb_column type=\u00a0\u00bb4_4&Prime; _builder_version=\u00a0\u00bb4.16&Prime; custom_padding=\u00a0\u00bb|||\u00a0\u00bb global_colors_info=\u00a0\u00bb{}\u00a0\u00bb custom_padding__hover=\u00a0\u00bb|||\u00a0\u00bb][et_pb_text admin_label=\u00a0\u00bbText\u00a0\u00bb _builder_version=\u00a0\u00bb4.16&Prime; background_size=\u00a0\u00bbinitial\u00a0\u00bb background_position=\u00a0\u00bbtop_left\u00a0\u00bb background_repeat=\u00a0\u00bbrepeat\u00a0\u00bb min_height=\u00a0\u00bb295px\u00a0\u00bb custom_margin=\u00a0\u00bb-13px||-285px|||\u00a0\u00bb custom_padding=\u00a0\u00bb||0px|0px||\u00a0\u00bb global_colors_info=\u00a0\u00bb{}\u00a0\u00bb]<\/p>\n<p><span class=\"break-words       \"><span><span dir=\"ltr\">Mr le D\u00e9put\u00e9 du Pas-de-Calais, <a href=\"https:\/\/www.linkedin.com\/in\/ACoAAD0pztQBB9qwqED91Hwl_GU3i0f1_wn9Gzs\" data-attribute-index=\"0\" data-entity-type=\"MINI_PROFILE\">Philippe Fait<\/a>, \u00e9tait pr\u00e9sent \u00e0 notre Maison d\u2019Enfants de Campagne-les-Hesdin, Les Peupliers, jeudi dernier. <\/span><\/span><\/span><\/p>\n<p>Apr\u00e8s de nombreux \u00e9changes, notamment autour des actions de notre association, de son imbrication dans le d\u00e9partement, au niveau de l&rsquo;enfance dans les secteurs du handicap, des loisirs mais aussi de la protection de l&rsquo;enfance nous avons pu discuter longuement sur la Maison d\u2019Enfants, ses enjeux, attentes, et projets.<\/p>\n<p>Une visite des locaux en pr\u00e9sence des chefs de service, a aussi permis des \u00e9changes int\u00e9ressants entre Mr le D\u00e9put\u00e9 et les professionnels crois\u00e9s au fil de ce parcours.<\/p>\n<p>&nbsp;<\/p>\n<p>[\/et_pb_text][\/et_pb_column][\/et_pb_row][\/et_pb_section][et_pb_section fb_built=\u00a0\u00bb1&Prime; theme_builder_area=\u00a0\u00bbpost_content\u00a0\u00bb _builder_version=\u00a0\u00bb4.19.2&Prime; _module_preset=\u00a0\u00bbdefault\u00a0\u00bb custom_padding=\u00a0\u00bb8px||5px|||\u00a0\u00bb][et_pb_row _builder_version=\u00a0\u00bb4.19.2&Prime; _module_preset=\u00a0\u00bbdefault\u00a0\u00bb theme_builder_area=\u00a0\u00bbpost_content\u00a0\u00bb][et_pb_column _builder_version=\u00a0\u00bb4.19.2&Prime; _module_preset=\u00a0\u00bbdefault\u00a0\u00bb type=\u00a0\u00bb4_4&Prime; theme_builder_area=\u00a0\u00bbpost_content\u00a0\u00bb][et_pb_image src=\u00a0\u00bbhttps:\/\/www.pep62.fr\/pep62\/wp-content\/uploads\/2023\/09\/IMG_9990-scaled.jpg\u00a0\u00bb _builder_version=\u00a0\u00bb4.19.2&Prime; _module_preset=\u00a0\u00bbdefault\u00a0\u00bb theme_builder_area=\u00a0\u00bbpost_content\u00a0\u00bb title_text=\u00a0\u00bbIMG_9990&Prime; hover_enabled=\u00a0\u00bb0&Prime; sticky_enabled=\u00a0\u00bb0&Prime; custom_margin=\u00a0\u00bb-52px|||||\u00a0\u00bb][\/et_pb_image][\/et_pb_column][\/et_pb_row][\/et_pb_section][et_pb_section fb_built=\u00a0\u00bb1&Prime; theme_builder_area=\u00a0\u00bbpost_content\u00a0\u00bb _builder_version=\u00a0\u00bb4.19.2&Prime; _module_preset=\u00a0\u00bbdefault\u00a0\u00bb custom_padding=\u00a0\u00bb13px||0px|||\u00a0\u00bb min_height=\u00a0\u00bb463.6px\u00a0\u00bb custom_margin=\u00a0\u00bb||-162px|||\u00a0\u00bb][et_pb_row _builder_version=\u00a0\u00bb4.19.2&Prime; _module_preset=\u00a0\u00bbdefault\u00a0\u00bb theme_builder_area=\u00a0\u00bbpost_content\u00a0\u00bb custom_padding=\u00a0\u00bb0px|||||\u00a0\u00bb][et_pb_column _builder_version=\u00a0\u00bb4.19.2&Prime; _module_preset=\u00a0\u00bbdefault\u00a0\u00bb type=\u00a0\u00bb4_4&Prime; theme_builder_area=\u00a0\u00bbpost_content\u00a0\u00bb][et_pb_text _builder_version=\u00a0\u00bb4.19.2&Prime; _module_preset=\u00a0\u00bbdefault\u00a0\u00bb theme_builder_area=\u00a0\u00bbpost_content\u00a0\u00bb hover_enabled=\u00a0\u00bb0&Prime; sticky_enabled=\u00a0\u00bb0&Prime; custom_padding=\u00a0\u00bb||0px|||\u00a0\u00bb]<\/p>\n<p>Ce moment f\u00fbt l\u2019occasion de pouvoir aborder les diff\u00e9rents enjeux de notre Maison d&rsquo;Enfants : le projet de reconstruction de la Maison d&rsquo;Enfants avec le soutien du d\u00e9partement du Pas de Calais qui permettra d\u2019am\u00e9liorer la qualit\u00e9 de prise en charge et les conditions d&rsquo;accueil des enfants qui y vivent, les conditions de fonctionnement de notre MECS en ad\u00e9quation avec les besoins des jeunes, notamment en terme d&rsquo;accompagnement m\u00e9dico-social, \u00e9ducatif, sportif, culturel, d&rsquo;insertion.<\/p>\n<p>Nous avons \u00e9galement rappel\u00e9 \u00e0 Mr le D\u00e9put\u00e9 la n\u00e9cessit\u00e9 de rendre applicable la loi Taquet notamment sur les taux d&rsquo;encadrement des MECS et sur le renfort des \u00e9quipes professionnelles en personnel param\u00e9dical et m\u00e9dical.<\/p>\n<p>Mr le D\u00e9put\u00e9 a \u00e9t\u00e9 tr\u00e8s \u00e0 l\u2019\u00e9coute, attentif et concern\u00e9 par les sujets \u00e9voqu\u00e9s, nous l\u2019en remercions. Nous ne doutons pas qu&rsquo;il sera moteur au niveau de l&rsquo;Assembl\u00e9e Nationale.<\/p>\n<p>Un moment en pr\u00e9sence de Michel Evrard, Maire de Campagne-les-Hesdin, <a href=\"https:\/\/www.linkedin.com\/in\/ACoAAC1yUpgB24SmAKrLnAh1a4FGFObO_YuhGBE\" data-attribute-index=\"2\" data-entity-type=\"MINI_PROFILE\">Martin GOSSELIN<\/a>, Assistant de Mr le D\u00e9put\u00e9 Philippe Fait, Jean-Marc Petit, Tr\u00e9sorier des PEP 62 et Administrateur d\u00e9l\u00e9gu\u00e9 de la Maison d\u2019Enfants, <a href=\"https:\/\/www.linkedin.com\/in\/ACoAABIIwbkBuEmh7F1AnDRZRVqgsYSXL-MJUwc\" data-attribute-index=\"4\" data-entity-type=\"MINI_PROFILE\">Yohann Reisenthel<\/a>, notre Directeur G\u00e9n\u00e9ral, <a href=\"https:\/\/www.linkedin.com\/in\/ACoAAAEN62YBX5p7r5GNNPrA6U_1OVlyjtTNo4w\" data-attribute-index=\"6\" data-entity-type=\"MINI_PROFILE\">Timoth\u00e9e SPANNEUT<\/a>, Directeur de la Maison d\u2019Enfants et B\u00e9atrice Lacroix, Adjointe de direction de la Maison d\u2019Enfants.<\/p>\n<p>[\/et_pb_text][\/et_pb_column][\/et_pb_row][\/et_pb_section]<\/p>\n","protected":false},"excerpt":{"rendered":"<p>Mr le D\u00e9put\u00e9 du Pas-de-Calais, Philippe Fait, \u00e9tait pr\u00e9sent \u00e0 notre Maison d\u2019Enfants de Campagne-les-Hesdin, Les Peupliers, jeudi dernier. Apr\u00e8s de nombreux \u00e9changes, notamment autour des actions de notre association, de son imbrication dans le d\u00e9partement, au niveau de l&rsquo;enfance dans les secteurs du handicap, des loisirs mais aussi de la protection de l&rsquo;enfance nous [&hellip;]<\/p>\n","protected":false},"author":13,"featured_media":6752,"comment_status":"closed","ping_status":"closed","sticky":false,"template":"","format":"standard","meta":{"_et_pb_use_builder":"on","_et_pb_old_content":"<strong>Index de l\u2019\u00e9galit\u00e9 femmes-hommes<\/strong>\r\n\r\nLa loi pour une libert\u00e9 de choisir son avenir professionnel du 5 septembre 2018 fait de l\u2019\u00e9galit\u00e9 salariale entre les hommes et les femmes une obligation de r\u00e9sultat pour les entreprises. Cette loi impose notamment aux entreprises de mesurer chaque ann\u00e9e leur index de l\u2019\u00e9galit\u00e9 femmes-hommes, afin d\u2019\u00e9valuer les diff\u00e9rences de r\u00e9mun\u00e9ration.\r\n\r\nSous la forme d\u2019une note sur 100, cet index se compose de cinq grands crit\u00e8res qui \u00e9valuent les in\u00e9galit\u00e9s entre les femmes et les hommes dans les entreprises : les \u00e9carts de salaires, les \u00e9carts des augmentations et promotions individuelles, la part des salari\u00e9es augment\u00e9es au retour de leur cong\u00e9 maternit\u00e9 et enfin le nombre de femmes parmi les dix plus hauts salaires.\r\n\r\nL\u2019Association PEP62 obtient une note globale de 65\/100.","_et_gb_content_width":"","footnotes":""},"categories":[8,10],"tags":[],"class_list":["post-6751","post","type-post","status-publish","format-standard","has-post-thumbnail","hentry","category-publications","category-vedette"],"_links":{"self":[{"href":"https:\/\/www.pep62.fr\/pep62\/wp-json\/wp\/v2\/posts\/6751","targetHints":{"allow":["GET"]}}],"collection":[{"href":"https:\/\/www.pep62.fr\/pep62\/wp-json\/wp\/v2\/posts"}],"about":[{"href":"https:\/\/www.pep62.fr\/pep62\/wp-json\/wp\/v2\/types\/post"}],"author":[{"embeddable":true,"href":"https:\/\/www.pep62.fr\/pep62\/wp-json\/wp\/v2\/users\/13"}],"replies":[{"embeddable":true,"href":"https:\/\/www.pep62.fr\/pep62\/wp-json\/wp\/v2\/comments?post=6751"}],"version-history":[{"count":4,"href":"https:\/\/www.pep62.fr\/pep62\/wp-json\/wp\/v2\/posts\/6751\/revisions"}],"predecessor-version":[{"id":6758,"href":"https:\/\/www.pep62.fr\/pep62\/wp-json\/wp\/v2\/posts\/6751\/revisions\/6758"}],"wp:featuredmedia":[{"embeddable":true,"href":"https:\/\/www.pep62.fr\/pep62\/wp-json\/wp\/v2\/media\/6752"}],"wp:attachment":[{"href":"https:\/\/www.pep62.fr\/pep62\/wp-json\/wp\/v2\/media?parent=6751"}],"wp:term":[{"taxonomy":"category","embeddable":true,"href":"https:\/\/www.pep62.fr\/pep62\/wp-json\/wp\/v2\/categories?post=6751"},{"taxonomy":"post_tag","embeddable":true,"href":"https:\/\/www.pep62.fr\/pep62\/wp-json\/wp\/v2\/tags?post=6751"}],"curies":[{"name":"wp","href":"https:\/\/api.w.org\/{rel}","templated":true}]}}