{"id":6820,"date":"2023-10-16T11:39:25","date_gmt":"2023-10-16T09:39:25","guid":{"rendered":"https:\/\/www.pep62.fr\/pep62\/?p=6820"},"modified":"2023-10-16T12:06:55","modified_gmt":"2023-10-16T10:06:55","slug":"lhorreur-a-frappe-notre-ville-notre-pays","status":"publish","type":"post","link":"https:\/\/www.pep62.fr\/pep62\/lhorreur-a-frappe-notre-ville-notre-pays\/","title":{"rendered":"Unis et solidaires face \u00e0 l&rsquo;horreur qui frappe notre ville, notre pays"},"content":{"rendered":"<p>[et_pb_section fb_built=\u00a0\u00bb1&Prime; admin_label=\u00a0\u00bbsection\u00a0\u00bb _builder_version=\u00a0\u00bb4.16&Prime; custom_padding=\u00a0\u00bb49px|||||\u00a0\u00bb global_colors_info=\u00a0\u00bb{}\u00a0\u00bb][et_pb_row admin_label=\u00a0\u00bbrow\u00a0\u00bb _builder_version=\u00a0\u00bb4.16&Prime; background_size=\u00a0\u00bbinitial\u00a0\u00bb background_position=\u00a0\u00bbtop_left\u00a0\u00bb background_repeat=\u00a0\u00bbrepeat\u00a0\u00bb min_height=\u00a0\u00bb141.3px\u00a0\u00bb custom_margin=\u00a0\u00bb-20px|auto|-85px|auto||\u00a0\u00bb custom_padding=\u00a0\u00bb0px||301px|||\u00a0\u00bb hover_enabled=\u00a0\u00bb0&Prime; global_colors_info=\u00a0\u00bb{}\u00a0\u00bb sticky_enabled=\u00a0\u00bb0&Prime;][et_pb_column type=\u00a0\u00bb4_4&Prime; _builder_version=\u00a0\u00bb4.16&Prime; custom_padding=\u00a0\u00bb|||\u00a0\u00bb global_colors_info=\u00a0\u00bb{}\u00a0\u00bb custom_padding__hover=\u00a0\u00bb|||\u00a0\u00bb][et_pb_text admin_label=\u00a0\u00bbText\u00a0\u00bb _builder_version=\u00a0\u00bb4.16&Prime; background_size=\u00a0\u00bbinitial\u00a0\u00bb background_position=\u00a0\u00bbtop_left\u00a0\u00bb background_repeat=\u00a0\u00bbrepeat\u00a0\u00bb min_height=\u00a0\u00bb295px\u00a0\u00bb custom_margin=\u00a0\u00bb-13px||-285px|||\u00a0\u00bb custom_padding=\u00a0\u00bb||0px|0px||\u00a0\u00bb global_colors_info=\u00a0\u00bb{}\u00a0\u00bb]<\/p>\n<p>Ce vendredi 13 octobre, trois ans apr\u00e8s l\u2019effroi de l\u2019assassinat de Samuel PATY, l\u2019horreur se r\u00e9p\u00e8te en notre ville d\u2019Arras o\u00f9 Dominique Bernard, professeur de lettres au Lyc\u00e9e Gambetta \u2013 Carnot a \u00e9t\u00e9 poignard\u00e9 \u00e0 mort, David VERHAEGHE a \u00e9t\u00e9 bless\u00e9 au visage ainsi que Jacques DAVOLI, responsable des \u00e9quipes d\u2019entretien du lyc\u00e9e, touch\u00e9 au thorax, et un troisi\u00e8me bless\u00e9 Christian.<\/p>\n<p>Ce sont tous les quatre, des victimes innocentes d\u2019une attaque terroriste.<\/p>\n<p>Devant cet acte inqualifiable, les premi\u00e8res pens\u00e9es des administrateurs, des militants, des b\u00e9n\u00e9voles et des personnels des PEP62 vont en direction des familles des victimes et de leurs proches, en particulier la famille de l\u2019enseignant assassin\u00e9.<\/p>\n<p>Nous exprimons notre stupeur et notre plus vive \u00e9motion apr\u00e8s ce drame qui touche de plein fouet notre Ecole de la R\u00e9publique.<\/p>\n<p>Nous voulons apporter notre solidarit\u00e9 et notre soutien ind\u00e9fectible \u00e0 l\u2019ensemble de la communaut\u00e9 \u00e9ducative\u00a0: les institutions scolaires, les enseignants, les parents d\u2019\u00e9l\u00e8ves, les \u00e9l\u00e8ves et les collectivit\u00e9s territoriales.<\/p>\n<p>Nous nous devons de renforcer nos actions pour porter au quotidien, aux c\u00f4t\u00e9s de l\u2019Ecole et des institutions, le message \u00e9mancipateur de la la\u00efcit\u00e9 en appui aux enseignants et aux familles pour l\u2019avenir de nos enfants et de nos jeunes.<\/p>\n<p>Soyons unis face \u00e0 l\u2019obscurantisme et \u00e0 l\u2019ignominie des tels actes terroristes.<\/p>\n<p>Pierre-Marie FONTAINE<br \/>Pr\u00e9sident des PEP 62<\/p>\n<p><em>Cr\u00e9dit visuel : Ville d&rsquo;Arras.<\/em><\/p>\n<p>[\/et_pb_text][\/et_pb_column][\/et_pb_row][\/et_pb_section]<\/p>\n","protected":false},"excerpt":{"rendered":"<p>Ce vendredi 13 octobre, trois ans apr\u00e8s l\u2019effroi de l\u2019assassinat de Samuel PATY, l\u2019horreur se r\u00e9p\u00e8te en notre ville d\u2019Arras o\u00f9 Dominique Bernard, professeur de lettres au Lyc\u00e9e Gambetta \u2013 Carnot a \u00e9t\u00e9 poignard\u00e9 \u00e0 mort, David VERHAEGHE a \u00e9t\u00e9 bless\u00e9 au visage ainsi que Jacques DAVOLI, responsable des \u00e9quipes d\u2019entretien du lyc\u00e9e, touch\u00e9 au [&hellip;]<\/p>\n","protected":false},"author":13,"featured_media":6821,"comment_status":"closed","ping_status":"closed","sticky":false,"template":"","format":"standard","meta":{"_et_pb_use_builder":"on","_et_pb_old_content":"<strong>Index de l\u2019\u00e9galit\u00e9 femmes-hommes<\/strong>\r\n\r\nLa loi pour une libert\u00e9 de choisir son avenir professionnel du 5 septembre 2018 fait de l\u2019\u00e9galit\u00e9 salariale entre les hommes et les femmes une obligation de r\u00e9sultat pour les entreprises. Cette loi impose notamment aux entreprises de mesurer chaque ann\u00e9e leur index de l\u2019\u00e9galit\u00e9 femmes-hommes, afin d\u2019\u00e9valuer les diff\u00e9rences de r\u00e9mun\u00e9ration.\r\n\r\nSous la forme d\u2019une note sur 100, cet index se compose de cinq grands crit\u00e8res qui \u00e9valuent les in\u00e9galit\u00e9s entre les femmes et les hommes dans les entreprises : les \u00e9carts de salaires, les \u00e9carts des augmentations et promotions individuelles, la part des salari\u00e9es augment\u00e9es au retour de leur cong\u00e9 maternit\u00e9 et enfin le nombre de femmes parmi les dix plus hauts salaires.\r\n\r\nL\u2019Association PEP62 obtient une note globale de 65\/100.","_et_gb_content_width":"","footnotes":""},"categories":[8,10],"tags":[],"class_list":["post-6820","post","type-post","status-publish","format-standard","has-post-thumbnail","hentry","category-publications","category-vedette"],"_links":{"self":[{"href":"https:\/\/www.pep62.fr\/pep62\/wp-json\/wp\/v2\/posts\/6820","targetHints":{"allow":["GET"]}}],"collection":[{"href":"https:\/\/www.pep62.fr\/pep62\/wp-json\/wp\/v2\/posts"}],"about":[{"href":"https:\/\/www.pep62.fr\/pep62\/wp-json\/wp\/v2\/types\/post"}],"author":[{"embeddable":true,"href":"https:\/\/www.pep62.fr\/pep62\/wp-json\/wp\/v2\/users\/13"}],"replies":[{"embeddable":true,"href":"https:\/\/www.pep62.fr\/pep62\/wp-json\/wp\/v2\/comments?post=6820"}],"version-history":[{"count":10,"href":"https:\/\/www.pep62.fr\/pep62\/wp-json\/wp\/v2\/posts\/6820\/revisions"}],"predecessor-version":[{"id":6836,"href":"https:\/\/www.pep62.fr\/pep62\/wp-json\/wp\/v2\/posts\/6820\/revisions\/6836"}],"wp:featuredmedia":[{"embeddable":true,"href":"https:\/\/www.pep62.fr\/pep62\/wp-json\/wp\/v2\/media\/6821"}],"wp:attachment":[{"href":"https:\/\/www.pep62.fr\/pep62\/wp-json\/wp\/v2\/media?parent=6820"}],"wp:term":[{"taxonomy":"category","embeddable":true,"href":"https:\/\/www.pep62.fr\/pep62\/wp-json\/wp\/v2\/categories?post=6820"},{"taxonomy":"post_tag","embeddable":true,"href":"https:\/\/www.pep62.fr\/pep62\/wp-json\/wp\/v2\/tags?post=6820"}],"curies":[{"name":"wp","href":"https:\/\/api.w.org\/{rel}","templated":true}]}}