{"id":7454,"date":"2023-12-06T11:36:46","date_gmt":"2023-12-06T10:36:46","guid":{"rendered":"https:\/\/www.pep62.fr\/pep62\/?p=7454"},"modified":"2024-02-27T11:43:45","modified_gmt":"2024-02-27T10:43:45","slug":"loup-y-es-tu-moteur-action","status":"publish","type":"post","link":"https:\/\/www.pep62.fr\/pep62\/loup-y-es-tu-moteur-action\/","title":{"rendered":"Loup y es-tu ? Moteur, action !"},"content":{"rendered":"<p>[et_pb_section fb_built=\u00a0\u00bb1&Prime; admin_label=\u00a0\u00bbsection\u00a0\u00bb _builder_version=\u00a0\u00bb4.16&Prime; custom_padding=\u00a0\u00bb55px|||||\u00a0\u00bb global_colors_info=\u00a0\u00bb{}\u00a0\u00bb][et_pb_row admin_label=\u00a0\u00bbrow\u00a0\u00bb _builder_version=\u00a0\u00bb4.16&Prime; background_size=\u00a0\u00bbinitial\u00a0\u00bb background_position=\u00a0\u00bbtop_left\u00a0\u00bb background_repeat=\u00a0\u00bbrepeat\u00a0\u00bb min_height=\u00a0\u00bb141.3px\u00a0\u00bb custom_margin=\u00a0\u00bb-20px|auto|-85px|auto||\u00a0\u00bb custom_padding=\u00a0\u00bb0px||301px|||\u00a0\u00bb global_colors_info=\u00a0\u00bb{}\u00a0\u00bb][et_pb_column type=\u00a0\u00bb4_4&Prime; _builder_version=\u00a0\u00bb4.16&Prime; custom_padding=\u00a0\u00bb|||\u00a0\u00bb global_colors_info=\u00a0\u00bb{}\u00a0\u00bb custom_padding__hover=\u00a0\u00bb|||\u00a0\u00bb][et_pb_text admin_label=\u00a0\u00bbText\u00a0\u00bb _builder_version=\u00a0\u00bb4.19.2&Prime; background_size=\u00a0\u00bbinitial\u00a0\u00bb background_position=\u00a0\u00bbtop_left\u00a0\u00bb background_repeat=\u00a0\u00bbrepeat\u00a0\u00bb min_height=\u00a0\u00bb295px\u00a0\u00bb custom_margin=\u00a0\u00bb-13px||-285px|||\u00a0\u00bb custom_padding=\u00a0\u00bb||0px|0px||\u00a0\u00bb hover_enabled=\u00a0\u00bb0&Prime; global_colors_info=\u00a0\u00bb{}\u00a0\u00bb sticky_enabled=\u00a0\u00bb0&Prime;]<\/p>\n<p><span class=\"break-words       \"><span><span dir=\"ltr\">La soixantaine de personnes pr\u00e9sentes, le 05 d\u00e9cembre 2023, au cin\u00e9ma Le Regency de St-Pol-sur-Ternoise, a pu faire un plongeon visuel dans le quotidien d&rsquo;un CMPP, gr\u00e2ce au film tr\u00e8s \u00e9mouvant de la r\u00e9alisatrice Clara Bouffartigue. <\/span><\/span><\/span><\/p>\n<p><span class=\"break-words       \"><span><span dir=\"ltr\">Le film de Clara Bouffartigue nous permet de montrer l\u2019accompagnement et la r\u00e9alit\u00e9 de la prise en charge des<br \/>enfants dans le contexte soci\u00e9tal actuel. Le travail de l\u2019\u00e9quipe d\u2019un CMPP est parfois difficile \u00e0 comprendre pour les partenaires, les familles, et ce film traduit avec sinc\u00e9rit\u00e9 et \u00e9motion l\u2019accompagnement singulier propos\u00e9 \u00e0 chaque enfant, qui s\u2019inscrit pleinement dans les valeurs port\u00e9es par notre association.<br \/><\/span><\/span><\/span><span class=\"break-words       \"><span><span dir=\"ltr\"><\/span><\/span><\/span><\/p>\n<p><span class=\"break-words       \"><span><span dir=\"ltr\">Ce moment, propos\u00e9e \u00e0 l&rsquo;\u00e9chelle d\u00e9partementale, a \u00e9t\u00e9 tr\u00e8s appr\u00e9ci\u00e9. Au-del\u00e0 des s\u00e9ances et suivis, il montre aussi la cr\u00e9ation du lien, si important, entre les enfants et leurs th\u00e9rapeutes. <\/p>\n<p>Cette projection a \u00e9t\u00e9 suivie d&rsquo;un d\u00e9bat entre Clara Bouffartigue et 2 de nos M\u00e9decins Directeurs en CMPP, le Dr Natacha Clay et le Dr Sabine Delaire. Des regards crois\u00e9s et des \u00e9changes riches pour les professionnels, les familles, autour des actions et de la prise en charge des CMPP. <\/p>\n<p>Les \u00e9quipes des CMPP de St-Pol-sur-Ternoise et d&rsquo;Arras remercient tous ceux qui ont r\u00e9pondu pr\u00e9sents pour partager cet instant.<\/span><\/span><\/span><span class=\"break-words       \"><span><span dir=\"ltr\"><\/span><\/span><\/span><span class=\"break-words       \"><\/span><span class=\"break-words       \"><\/span><\/p>\n<p>[\/et_pb_text][\/et_pb_column][\/et_pb_row][\/et_pb_section][et_pb_section fb_built=\u00a0\u00bb1&Prime; _builder_version=\u00a0\u00bb4.19.2&Prime; _module_preset=\u00a0\u00bbdefault\u00a0\u00bb custom_padding=\u00a0\u00bb15px||0px|||\u00a0\u00bb global_colors_info=\u00a0\u00bb{}\u00a0\u00bb][et_pb_row _builder_version=\u00a0\u00bb4.19.2&Prime; _module_preset=\u00a0\u00bbdefault\u00a0\u00bb global_colors_info=\u00a0\u00bb{}\u00a0\u00bb][et_pb_column type=\u00a0\u00bb4_4&Prime; _builder_version=\u00a0\u00bb4.19.2&Prime; _module_preset=\u00a0\u00bbdefault\u00a0\u00bb global_colors_info=\u00a0\u00bb{}\u00a0\u00bb][et_pb_gallery gallery_ids=\u00a0\u00bb7462,7463,7464,7465&Prime; posts_number=\u00a0\u00bb8&Prime; show_title_and_caption=\u00a0\u00bboff\u00a0\u00bb show_pagination=\u00a0\u00bboff\u00a0\u00bb _builder_version=\u00a0\u00bb4.19.2&Prime; _module_preset=\u00a0\u00bbdefault\u00a0\u00bb hover_enabled=\u00a0\u00bb0&Prime; global_colors_info=\u00a0\u00bb{}\u00a0\u00bb sticky_enabled=\u00a0\u00bb0&Prime;][\/et_pb_gallery][\/et_pb_column][\/et_pb_row][\/et_pb_section]<\/p>\n","protected":false},"excerpt":{"rendered":"<p>La soixantaine de personnes pr\u00e9sentes, le 05 d\u00e9cembre 2023, au cin\u00e9ma Le Regency de St-Pol-sur-Ternoise, a pu faire un plongeon visuel dans le quotidien d&rsquo;un CMPP, gr\u00e2ce au film tr\u00e8s \u00e9mouvant de la r\u00e9alisatrice Clara Bouffartigue. Le film de Clara Bouffartigue nous permet de montrer l\u2019accompagnement et la r\u00e9alit\u00e9 de la prise en charge desenfants [&hellip;]<\/p>\n","protected":false},"author":13,"featured_media":7455,"comment_status":"closed","ping_status":"closed","sticky":false,"template":"","format":"standard","meta":{"_et_pb_use_builder":"on","_et_pb_old_content":"<strong>Index de l\u2019\u00e9galit\u00e9 femmes-hommes<\/strong>\r\n\r\nLa loi pour une libert\u00e9 de choisir son avenir professionnel du 5 septembre 2018 fait de l\u2019\u00e9galit\u00e9 salariale entre les hommes et les femmes une obligation de r\u00e9sultat pour les entreprises. Cette loi impose notamment aux entreprises de mesurer chaque ann\u00e9e leur index de l\u2019\u00e9galit\u00e9 femmes-hommes, afin d\u2019\u00e9valuer les diff\u00e9rences de r\u00e9mun\u00e9ration.\r\n\r\nSous la forme d\u2019une note sur 100, cet index se compose de cinq grands crit\u00e8res qui \u00e9valuent les in\u00e9galit\u00e9s entre les femmes et les hommes dans les entreprises : les \u00e9carts de salaires, les \u00e9carts des augmentations et promotions individuelles, la part des salari\u00e9es augment\u00e9es au retour de leur cong\u00e9 maternit\u00e9 et enfin le nombre de femmes parmi les dix plus hauts salaires.\r\n\r\nL\u2019Association PEP62 obtient une note globale de 65\/100.","_et_gb_content_width":"","footnotes":""},"categories":[8,10],"tags":[],"class_list":["post-7454","post","type-post","status-publish","format-standard","has-post-thumbnail","hentry","category-publications","category-vedette"],"_links":{"self":[{"href":"https:\/\/www.pep62.fr\/pep62\/wp-json\/wp\/v2\/posts\/7454","targetHints":{"allow":["GET"]}}],"collection":[{"href":"https:\/\/www.pep62.fr\/pep62\/wp-json\/wp\/v2\/posts"}],"about":[{"href":"https:\/\/www.pep62.fr\/pep62\/wp-json\/wp\/v2\/types\/post"}],"author":[{"embeddable":true,"href":"https:\/\/www.pep62.fr\/pep62\/wp-json\/wp\/v2\/users\/13"}],"replies":[{"embeddable":true,"href":"https:\/\/www.pep62.fr\/pep62\/wp-json\/wp\/v2\/comments?post=7454"}],"version-history":[{"count":5,"href":"https:\/\/www.pep62.fr\/pep62\/wp-json\/wp\/v2\/posts\/7454\/revisions"}],"predecessor-version":[{"id":7467,"href":"https:\/\/www.pep62.fr\/pep62\/wp-json\/wp\/v2\/posts\/7454\/revisions\/7467"}],"wp:featuredmedia":[{"embeddable":true,"href":"https:\/\/www.pep62.fr\/pep62\/wp-json\/wp\/v2\/media\/7455"}],"wp:attachment":[{"href":"https:\/\/www.pep62.fr\/pep62\/wp-json\/wp\/v2\/media?parent=7454"}],"wp:term":[{"taxonomy":"category","embeddable":true,"href":"https:\/\/www.pep62.fr\/pep62\/wp-json\/wp\/v2\/categories?post=7454"},{"taxonomy":"post_tag","embeddable":true,"href":"https:\/\/www.pep62.fr\/pep62\/wp-json\/wp\/v2\/tags?post=7454"}],"curies":[{"name":"wp","href":"https:\/\/api.w.org\/{rel}","templated":true}]}}