{"id":7468,"date":"2023-10-07T11:45:05","date_gmt":"2023-10-07T09:45:05","guid":{"rendered":"https:\/\/www.pep62.fr\/pep62\/?p=7468"},"modified":"2024-02-27T12:12:51","modified_gmt":"2024-02-27T11:12:51","slug":"inauguration-du-sessad-de-richebourg","status":"publish","type":"post","link":"https:\/\/www.pep62.fr\/pep62\/inauguration-du-sessad-de-richebourg\/","title":{"rendered":"Inauguration du SESSAD de Richebourg"},"content":{"rendered":"<p>[et_pb_section fb_built=\u00a0\u00bb1&Prime; admin_label=\u00a0\u00bbsection\u00a0\u00bb _builder_version=\u00a0\u00bb4.16&Prime; custom_padding=\u00a0\u00bb55px|||||\u00a0\u00bb global_colors_info=\u00a0\u00bb{}\u00a0\u00bb][et_pb_row admin_label=\u00a0\u00bbrow\u00a0\u00bb _builder_version=\u00a0\u00bb4.16&Prime; background_size=\u00a0\u00bbinitial\u00a0\u00bb background_position=\u00a0\u00bbtop_left\u00a0\u00bb background_repeat=\u00a0\u00bbrepeat\u00a0\u00bb min_height=\u00a0\u00bb141.3px\u00a0\u00bb custom_margin=\u00a0\u00bb-20px|auto|-85px|auto||\u00a0\u00bb custom_padding=\u00a0\u00bb0px||301px|||\u00a0\u00bb global_colors_info=\u00a0\u00bb{}\u00a0\u00bb][et_pb_column type=\u00a0\u00bb4_4&Prime; _builder_version=\u00a0\u00bb4.16&Prime; custom_padding=\u00a0\u00bb|||\u00a0\u00bb global_colors_info=\u00a0\u00bb{}\u00a0\u00bb custom_padding__hover=\u00a0\u00bb|||\u00a0\u00bb][et_pb_text admin_label=\u00a0\u00bbText\u00a0\u00bb _builder_version=\u00a0\u00bb4.19.2&Prime; background_size=\u00a0\u00bbinitial\u00a0\u00bb background_position=\u00a0\u00bbtop_left\u00a0\u00bb background_repeat=\u00a0\u00bbrepeat\u00a0\u00bb min_height=\u00a0\u00bb295px\u00a0\u00bb custom_margin=\u00a0\u00bb-13px||-285px|||\u00a0\u00bb custom_padding=\u00a0\u00bb||0px|0px||\u00a0\u00bb global_colors_info=\u00a0\u00bb{}\u00a0\u00bb]<\/p>\n<p><span class=\"break-words       \"><span><span dir=\"ltr\">D\u00e9but octobre 2023, notre association a inaugur\u00e9 un nouveau SESSAD, sur la commune de Richebourg, antenne de notre SESSAD Pinocchio d\u2019Arras. <\/p>\n<p>Pour cet \u00e9v\u00e9nement, nous avons eu l\u2019honneur d\u2019accueillir Amel GACQUERRE, S\u00e9natrice du Pas-de-Calais, qui a chaleureusement remerci\u00e9 l\u2019implication de nos professionnels, au quotidien.<\/p>\n<p>\u00c9taient \u00e9galement pr\u00e9sents J\u00e9r\u00f4me Demulier, Maire de Richebourg, Julien DENYS Directeur de la d\u00e9l\u00e9gation d\u00e9partementale du Pas-de-Calais, \u00e0 Agence r\u00e9gionale de sant\u00e9 Hauts-de-France, Pierre-Marie Fontaine, Pr\u00e9sident des PEP 62, Yohann Reisenthel, Directeur G\u00e9n\u00e9ral de notre association, Fabrice Legrand, Directeur du SESSAD de Richebourg, et des CAMSP d\u2019Auchel et de Fouquieres-les-Bethune. <\/p>\n<p>Un moment qui a permis aux nombreuses personnes pr\u00e9sentes d\u2019aller \u00e0 la rencontre des professionnels du SESSAD, d\u2019\u00e9changer et de d\u00e9couvrir leur m\u00e9tier.<\/p>\n<p>Le SESSAD a pris place dans une ancienne \u00e9cole, r\u00e9nov\u00e9e et am\u00e9nag\u00e9e pour l\u2019\u00e9tablissement. Ce fut \u00ab Une aventure collective riche et dynamique \u00bb, aux dires de Mr le Maire de Richebourg.<\/p>\n<p>Nous remercions toutes les personnes pr\u00e9sentes pour leur venue, toutes celles qui ont permis \u00e0 cet \u00e9tablissement de voir le jour, ainsi que le Docteur Reine-Marie Georges, M\u00e9decin P\u00e9dopsychiatre.<\/p>\n<p>\u00ab L\u2019inclusion n\u2019est pas qu\u2019un mot, mais un engagement collectif ! \u00bb<br \/><\/span><\/span><\/span><\/p>\n<p>[\/et_pb_text][\/et_pb_column][\/et_pb_row][\/et_pb_section][et_pb_section fb_built=\u00a0\u00bb1&Prime; _builder_version=\u00a0\u00bb4.19.2&Prime; _module_preset=\u00a0\u00bbdefault\u00a0\u00bb custom_padding=\u00a0\u00bb15px||0px|||\u00a0\u00bb global_colors_info=\u00a0\u00bb{}\u00a0\u00bb][et_pb_row _builder_version=\u00a0\u00bb4.19.2&Prime; _module_preset=\u00a0\u00bbdefault\u00a0\u00bb global_colors_info=\u00a0\u00bb{}\u00a0\u00bb][et_pb_column type=\u00a0\u00bb4_4&Prime; _builder_version=\u00a0\u00bb4.19.2&Prime; _module_preset=\u00a0\u00bbdefault\u00a0\u00bb global_colors_info=\u00a0\u00bb{}\u00a0\u00bb][et_pb_gallery gallery_ids=\u00a0\u00bb7475,7476,7477,7478&Prime; posts_number=\u00a0\u00bb8&Prime; show_title_and_caption=\u00a0\u00bboff\u00a0\u00bb show_pagination=\u00a0\u00bboff\u00a0\u00bb _builder_version=\u00a0\u00bb4.19.2&Prime; _module_preset=\u00a0\u00bbdefault\u00a0\u00bb global_colors_info=\u00a0\u00bb{}\u00a0\u00bb][\/et_pb_gallery][\/et_pb_column][\/et_pb_row][et_pb_row _builder_version=\u00a0\u00bb4.19.2&Prime; _module_preset=\u00a0\u00bbdefault\u00a0\u00bb global_colors_info=\u00a0\u00bb{}\u00a0\u00bb][et_pb_column type=\u00a0\u00bb4_4&Prime; _builder_version=\u00a0\u00bb4.19.2&Prime; _module_preset=\u00a0\u00bbdefault\u00a0\u00bb global_colors_info=\u00a0\u00bb{}\u00a0\u00bb][et_pb_text _builder_version=\u00a0\u00bb4.19.2&Prime; _module_preset=\u00a0\u00bbdefault\u00a0\u00bb hover_enabled=\u00a0\u00bb0&Prime; global_colors_info=\u00a0\u00bb{}\u00a0\u00bb sticky_enabled=\u00a0\u00bb0&Prime;]<\/p>\n<h2><strong>CONTACT :<\/strong><\/h2>\n<h6 class=\"et_pb_module_header\"><span style=\"color: #000000;\">S.E.S.S.A.D DE RICHEBOURG<\/span><\/h6>\n<div class=\"et_pb_blurb_description\">\n<p><i class=\"fas fa-envelope\"><\/i> <span style=\"color: #003366;\">80-82 rue du Moulin l\u2019Avou\u00e9, 62 136 RICHEBOURG<br \/><\/span><span style=\"color: #003366;\"><i class=\"fas fa-phone-alt\"><\/i> 09 74 13 77 05<\/span><br \/><i class=\"fas fa-at\"><\/i><a href=\"mailto:sessad.richebourg@pep62.fr\" target=\"_blank\" rel=\"noopener noreferrer\"> sessad.richebourg@pep62.fr<\/a><\/p>\n<\/div>\n<p>[\/et_pb_text][\/et_pb_column][\/et_pb_row][\/et_pb_section]<\/p>\n","protected":false},"excerpt":{"rendered":"<p>D\u00e9but octobre 2023, notre association a inaugur\u00e9 un nouveau SESSAD, sur la commune de Richebourg, antenne de notre SESSAD Pinocchio d\u2019Arras. Pour cet \u00e9v\u00e9nement, nous avons eu l\u2019honneur d\u2019accueillir Amel GACQUERRE, S\u00e9natrice du Pas-de-Calais, qui a chaleureusement remerci\u00e9 l\u2019implication de nos professionnels, au quotidien. \u00c9taient \u00e9galement pr\u00e9sents J\u00e9r\u00f4me Demulier, Maire de Richebourg, Julien DENYS Directeur [&hellip;]<\/p>\n","protected":false},"author":13,"featured_media":7469,"comment_status":"closed","ping_status":"closed","sticky":false,"template":"","format":"standard","meta":{"_et_pb_use_builder":"on","_et_pb_old_content":"<strong>Index de l\u2019\u00e9galit\u00e9 femmes-hommes<\/strong>\r\n\r\nLa loi pour une libert\u00e9 de choisir son avenir professionnel du 5 septembre 2018 fait de l\u2019\u00e9galit\u00e9 salariale entre les hommes et les femmes une obligation de r\u00e9sultat pour les entreprises. Cette loi impose notamment aux entreprises de mesurer chaque ann\u00e9e leur index de l\u2019\u00e9galit\u00e9 femmes-hommes, afin d\u2019\u00e9valuer les diff\u00e9rences de r\u00e9mun\u00e9ration.\r\n\r\nSous la forme d\u2019une note sur 100, cet index se compose de cinq grands crit\u00e8res qui \u00e9valuent les in\u00e9galit\u00e9s entre les femmes et les hommes dans les entreprises : les \u00e9carts de salaires, les \u00e9carts des augmentations et promotions individuelles, la part des salari\u00e9es augment\u00e9es au retour de leur cong\u00e9 maternit\u00e9 et enfin le nombre de femmes parmi les dix plus hauts salaires.\r\n\r\nL\u2019Association PEP62 obtient une note globale de 65\/100.","_et_gb_content_width":"","footnotes":""},"categories":[8,10],"tags":[],"class_list":["post-7468","post","type-post","status-publish","format-standard","has-post-thumbnail","hentry","category-publications","category-vedette"],"_links":{"self":[{"href":"https:\/\/www.pep62.fr\/pep62\/wp-json\/wp\/v2\/posts\/7468","targetHints":{"allow":["GET"]}}],"collection":[{"href":"https:\/\/www.pep62.fr\/pep62\/wp-json\/wp\/v2\/posts"}],"about":[{"href":"https:\/\/www.pep62.fr\/pep62\/wp-json\/wp\/v2\/types\/post"}],"author":[{"embeddable":true,"href":"https:\/\/www.pep62.fr\/pep62\/wp-json\/wp\/v2\/users\/13"}],"replies":[{"embeddable":true,"href":"https:\/\/www.pep62.fr\/pep62\/wp-json\/wp\/v2\/comments?post=7468"}],"version-history":[{"count":6,"href":"https:\/\/www.pep62.fr\/pep62\/wp-json\/wp\/v2\/posts\/7468\/revisions"}],"predecessor-version":[{"id":7516,"href":"https:\/\/www.pep62.fr\/pep62\/wp-json\/wp\/v2\/posts\/7468\/revisions\/7516"}],"wp:featuredmedia":[{"embeddable":true,"href":"https:\/\/www.pep62.fr\/pep62\/wp-json\/wp\/v2\/media\/7469"}],"wp:attachment":[{"href":"https:\/\/www.pep62.fr\/pep62\/wp-json\/wp\/v2\/media?parent=7468"}],"wp:term":[{"taxonomy":"category","embeddable":true,"href":"https:\/\/www.pep62.fr\/pep62\/wp-json\/wp\/v2\/categories?post=7468"},{"taxonomy":"post_tag","embeddable":true,"href":"https:\/\/www.pep62.fr\/pep62\/wp-json\/wp\/v2\/tags?post=7468"}],"curies":[{"name":"wp","href":"https:\/\/api.w.org\/{rel}","templated":true}]}}