{"id":7710,"date":"2024-03-23T09:57:13","date_gmt":"2024-03-23T08:57:13","guid":{"rendered":"https:\/\/www.pep62.fr\/pep62\/?p=7710"},"modified":"2024-04-08T10:00:10","modified_gmt":"2024-04-08T08:00:10","slug":"le-cotech-du-dispositif-liane","status":"publish","type":"post","link":"https:\/\/www.pep62.fr\/pep62\/le-cotech-du-dispositif-liane\/","title":{"rendered":"LE COTECH du dispositif LIANE"},"content":{"rendered":"<p>[et_pb_section fb_built=\u00a0\u00bb1&Prime; admin_label=\u00a0\u00bbsection\u00a0\u00bb _builder_version=\u00a0\u00bb4.16&Prime; custom_padding=\u00a0\u00bb55px|||||\u00a0\u00bb global_colors_info=\u00a0\u00bb{}\u00a0\u00bb][et_pb_row admin_label=\u00a0\u00bbrow\u00a0\u00bb _builder_version=\u00a0\u00bb4.16&Prime; background_size=\u00a0\u00bbinitial\u00a0\u00bb background_position=\u00a0\u00bbtop_left\u00a0\u00bb background_repeat=\u00a0\u00bbrepeat\u00a0\u00bb min_height=\u00a0\u00bb141.3px\u00a0\u00bb custom_margin=\u00a0\u00bb-20px|auto|-85px|auto||\u00a0\u00bb custom_padding=\u00a0\u00bb0px||300px|||\u00a0\u00bb global_colors_info=\u00a0\u00bb{}\u00a0\u00bb][et_pb_column type=\u00a0\u00bb4_4&Prime; _builder_version=\u00a0\u00bb4.16&Prime; custom_padding=\u00a0\u00bb|||\u00a0\u00bb global_colors_info=\u00a0\u00bb{}\u00a0\u00bb custom_padding__hover=\u00a0\u00bb|||\u00a0\u00bb][et_pb_text admin_label=\u00a0\u00bbText\u00a0\u00bb _builder_version=\u00a0\u00bb4.19.2&Prime; background_size=\u00a0\u00bbinitial\u00a0\u00bb background_position=\u00a0\u00bbtop_left\u00a0\u00bb background_repeat=\u00a0\u00bbrepeat\u00a0\u00bb min_height=\u00a0\u00bb295px\u00a0\u00bb custom_margin=\u00a0\u00bb-13px||-285px|||\u00a0\u00bb custom_padding=\u00a0\u00bb||9px|0px||\u00a0\u00bb hover_enabled=\u00a0\u00bb0&Prime; global_colors_info=\u00a0\u00bb{}\u00a0\u00bb sticky_enabled=\u00a0\u00bb0&Prime;]<\/p>\n<p>C\u2019est en pr\u00e9sence du Docteur Papalski, M\u00e9decin Chef de Service Territorial de PMI, et de Marc-Antoine Croquelois, Responsable du P\u00f4le Petite Enfance de la Mairie de Boulogne-sur-Mer, qu\u2019a eu lieu, le vendredi 22 mars 2024, le Comit\u00e9 Technique du dispositif LIANE relatif \u00e0 l\u2019activit\u00e9 de l\u2019ann\u00e9e 2023. Y ont \u00e9galement \u00e9t\u00e9 associ\u00e9 l\u2019ensemble des responsables et r\u00e9f\u00e9rents sant\u00e9 des cr\u00e8ches de la ville.<\/p>\n<p>De nombreux \u00e9changes ont ponctu\u00e9s la pr\u00e9sentation r\u00e9alis\u00e9e par Sophie Delplanque, \u00c9ducatrice Jeunes Enfants du Dispositif LIANE, compl\u00e9t\u00e9e par Marie-Jos\u00e9 Hache, M\u00e9decin Directeur.<\/p>\n<p>C\u2019est une v\u00e9ritable dynamique partenariale au service des enfants accueillis au sein des EAJE qui se perp\u00e9tue depuis la cr\u00e9ation du dispositif en 2019 et qui demande, au regard des \u00e9changes de l\u2019ensemble des personnes autour de la table, \u00e0 \u00eatre \u00e9tendue\u00a0!<\/p>\n<p>[\/et_pb_text][\/et_pb_column][\/et_pb_row][\/et_pb_section]<\/p>\n","protected":false},"excerpt":{"rendered":"<p>C\u2019est en pr\u00e9sence du Docteur Papalski, M\u00e9decin Chef de Service Territorial de PMI, et de Marc-Antoine Croquelois, Responsable du P\u00f4le Petite Enfance de la Mairie de Boulogne-sur-Mer, qu\u2019a eu lieu, le vendredi 22 mars 2024, le Comit\u00e9 Technique du dispositif LIANE relatif \u00e0 l\u2019activit\u00e9 de l\u2019ann\u00e9e 2023. Y ont \u00e9galement \u00e9t\u00e9 associ\u00e9 l\u2019ensemble des responsables [&hellip;]<\/p>\n","protected":false},"author":13,"featured_media":7711,"comment_status":"closed","ping_status":"closed","sticky":false,"template":"","format":"standard","meta":{"_et_pb_use_builder":"on","_et_pb_old_content":"<strong>Index de l\u2019\u00e9galit\u00e9 femmes-hommes<\/strong>\r\n\r\nLa loi pour une libert\u00e9 de choisir son avenir professionnel du 5 septembre 2018 fait de l\u2019\u00e9galit\u00e9 salariale entre les hommes et les femmes une obligation de r\u00e9sultat pour les entreprises. Cette loi impose notamment aux entreprises de mesurer chaque ann\u00e9e leur index de l\u2019\u00e9galit\u00e9 femmes-hommes, afin d\u2019\u00e9valuer les diff\u00e9rences de r\u00e9mun\u00e9ration.\r\n\r\nSous la forme d\u2019une note sur 100, cet index se compose de cinq grands crit\u00e8res qui \u00e9valuent les in\u00e9galit\u00e9s entre les femmes et les hommes dans les entreprises : les \u00e9carts de salaires, les \u00e9carts des augmentations et promotions individuelles, la part des salari\u00e9es augment\u00e9es au retour de leur cong\u00e9 maternit\u00e9 et enfin le nombre de femmes parmi les dix plus hauts salaires.\r\n\r\nL\u2019Association PEP62 obtient une note globale de 65\/100.","_et_gb_content_width":"","footnotes":""},"categories":[8,10],"tags":[],"class_list":["post-7710","post","type-post","status-publish","format-standard","has-post-thumbnail","hentry","category-publications","category-vedette"],"_links":{"self":[{"href":"https:\/\/www.pep62.fr\/pep62\/wp-json\/wp\/v2\/posts\/7710","targetHints":{"allow":["GET"]}}],"collection":[{"href":"https:\/\/www.pep62.fr\/pep62\/wp-json\/wp\/v2\/posts"}],"about":[{"href":"https:\/\/www.pep62.fr\/pep62\/wp-json\/wp\/v2\/types\/post"}],"author":[{"embeddable":true,"href":"https:\/\/www.pep62.fr\/pep62\/wp-json\/wp\/v2\/users\/13"}],"replies":[{"embeddable":true,"href":"https:\/\/www.pep62.fr\/pep62\/wp-json\/wp\/v2\/comments?post=7710"}],"version-history":[{"count":3,"href":"https:\/\/www.pep62.fr\/pep62\/wp-json\/wp\/v2\/posts\/7710\/revisions"}],"predecessor-version":[{"id":7715,"href":"https:\/\/www.pep62.fr\/pep62\/wp-json\/wp\/v2\/posts\/7710\/revisions\/7715"}],"wp:featuredmedia":[{"embeddable":true,"href":"https:\/\/www.pep62.fr\/pep62\/wp-json\/wp\/v2\/media\/7711"}],"wp:attachment":[{"href":"https:\/\/www.pep62.fr\/pep62\/wp-json\/wp\/v2\/media?parent=7710"}],"wp:term":[{"taxonomy":"category","embeddable":true,"href":"https:\/\/www.pep62.fr\/pep62\/wp-json\/wp\/v2\/categories?post=7710"},{"taxonomy":"post_tag","embeddable":true,"href":"https:\/\/www.pep62.fr\/pep62\/wp-json\/wp\/v2\/tags?post=7710"}],"curies":[{"name":"wp","href":"https:\/\/api.w.org\/{rel}","templated":true}]}}