{"id":8395,"date":"2024-12-18T09:59:35","date_gmt":"2024-12-18T08:59:35","guid":{"rendered":"https:\/\/www.pep62.fr\/pep62\/?p=8395"},"modified":"2025-01-27T10:18:09","modified_gmt":"2025-01-27T09:18:09","slug":"fetes-de-noel-aux-pep-62","status":"publish","type":"post","link":"https:\/\/www.pep62.fr\/pep62\/fetes-de-noel-aux-pep-62\/","title":{"rendered":"F\u00eates de No\u00ebl aux PEP 62"},"content":{"rendered":"<p>Les f\u00eates de No\u00ebl battent leur plein au sein des PEP 62. Des spectacles, des march\u00e9s de No\u00ebl, des ateliers et des go\u00fbters \u00e0 destination des enfants et de leurs parents. Tous les professionnels se sont impliqu\u00e9s afin d&rsquo;offrir de belles f\u00eates de No\u00ebl aux enfants.<br \/>\nRetour en images sur les diff\u00e9rentes f\u00eates organis\u00e9es :<\/p>\n\n\t\t<style type=\"text\/css\">\n\t\t\t#gallery-1 {\n\t\t\t\tmargin: auto;\n\t\t\t}\n\t\t\t#gallery-1 .gallery-item {\n\t\t\t\tfloat: left;\n\t\t\t\tmargin-top: 10px;\n\t\t\t\ttext-align: center;\n\t\t\t\twidth: 50%;\n\t\t\t}\n\t\t\t#gallery-1 img {\n\t\t\t\tborder: 2px solid #cfcfcf;\n\t\t\t}\n\t\t\t#gallery-1 .gallery-caption {\n\t\t\t\tmargin-left: 0;\n\t\t\t}\n\t\t\t\/* see gallery_shortcode() in wp-includes\/media.php *\/\n\t\t<\/style>\n\t\t<div id='gallery-1' class='gallery galleryid-8395 gallery-columns-2 gallery-size-full'><dl class='gallery-item'>\n\t\t\t<dt class='gallery-icon landscape'>\n\t\t\t\t<a href='https:\/\/www.pep62.fr\/pep62\/fetes-de-noel-aux-pep-62\/attachment\/1735546616335\/'><img loading=\"lazy\" decoding=\"async\" width=\"2048\" height=\"1536\" src=\"https:\/\/www.pep62.fr\/pep62\/wp-content\/uploads\/2024\/12\/1735546616335.jpg\" class=\"attachment-full size-full\" alt=\"\" aria-describedby=\"gallery-1-8775\" srcset=\"https:\/\/www.pep62.fr\/pep62\/wp-content\/uploads\/2024\/12\/1735546616335.jpg 2048w, https:\/\/www.pep62.fr\/pep62\/wp-content\/uploads\/2024\/12\/1735546616335-1280x960.jpg 1280w, https:\/\/www.pep62.fr\/pep62\/wp-content\/uploads\/2024\/12\/1735546616335-980x735.jpg 980w, https:\/\/www.pep62.fr\/pep62\/wp-content\/uploads\/2024\/12\/1735546616335-480x360.jpg 480w\" sizes=\"(min-width: 0px) and (max-width: 480px) 480px, (min-width: 481px) and (max-width: 980px) 980px, (min-width: 981px) and (max-width: 1280px) 1280px, (min-width: 1281px) 2048px, 100vw\" \/><\/a>\n\t\t\t<\/dt>\n\t\t\t\t<dd class='wp-caption-text gallery-caption' id='gallery-1-8775'>\n\t\t\t\tLe SESSAD de St Pol sur Ternoise a r\u00e9alis\u00e9 un brunch de No\u00ebl\n\t\t\t\t<\/dd><\/dl><dl class='gallery-item'>\n\t\t\t<dt class='gallery-icon landscape'>\n\t\t\t\t<a href='https:\/\/www.pep62.fr\/pep62\/fetes-de-noel-aux-pep-62\/camsp-auchel-3\/'><img loading=\"lazy\" decoding=\"async\" width=\"799\" height=\"599\" src=\"https:\/\/www.pep62.fr\/pep62\/wp-content\/uploads\/2024\/12\/camsp-auchel-2.jpg\" class=\"attachment-full size-full\" alt=\"\" aria-describedby=\"gallery-1-8412\" srcset=\"https:\/\/www.pep62.fr\/pep62\/wp-content\/uploads\/2024\/12\/camsp-auchel-2.jpg 799w, https:\/\/www.pep62.fr\/pep62\/wp-content\/uploads\/2024\/12\/camsp-auchel-2-480x360.jpg 480w\" sizes=\"(min-width: 0px) and (max-width: 480px) 480px, (min-width: 481px) 799px, 100vw\" \/><\/a>\n\t\t\t<\/dt>\n\t\t\t\t<dd class='wp-caption-text gallery-caption' id='gallery-1-8412'>\n\t\t\t\tF\u00eate de No\u00ebl du CAMSP d&rsquo;Auchel\n\t\t\t\t<\/dd><\/dl><br style=\"clear: both\" \/><dl class='gallery-item'>\n\t\t\t<dt class='gallery-icon landscape'>\n\t\t\t\t<a href='https:\/\/www.pep62.fr\/pep62\/fetes-de-noel-aux-pep-62\/camsp-st-pol-sur-ternoise\/'><img loading=\"lazy\" decoding=\"async\" width=\"2048\" height=\"1536\" src=\"https:\/\/www.pep62.fr\/pep62\/wp-content\/uploads\/2024\/12\/camsp-st-pol-sur-ternoise.jpg\" class=\"attachment-full size-full\" alt=\"\" aria-describedby=\"gallery-1-8415\" srcset=\"https:\/\/www.pep62.fr\/pep62\/wp-content\/uploads\/2024\/12\/camsp-st-pol-sur-ternoise.jpg 2048w, https:\/\/www.pep62.fr\/pep62\/wp-content\/uploads\/2024\/12\/camsp-st-pol-sur-ternoise-1280x960.jpg 1280w, https:\/\/www.pep62.fr\/pep62\/wp-content\/uploads\/2024\/12\/camsp-st-pol-sur-ternoise-980x735.jpg 980w, https:\/\/www.pep62.fr\/pep62\/wp-content\/uploads\/2024\/12\/camsp-st-pol-sur-ternoise-480x360.jpg 480w\" sizes=\"(min-width: 0px) and (max-width: 480px) 480px, (min-width: 481px) and (max-width: 980px) 980px, (min-width: 981px) and (max-width: 1280px) 1280px, (min-width: 1281px) 2048px, 100vw\" \/><\/a>\n\t\t\t<\/dt>\n\t\t\t\t<dd class='wp-caption-text gallery-caption' id='gallery-1-8415'>\n\t\t\t\tGo\u00fbter de No\u00ebl organis\u00e9 par le CAMSP de St Pol sur ternoise\n\t\t\t\t<\/dd><\/dl><dl class='gallery-item'>\n\t\t\t<dt class='gallery-icon landscape'>\n\t\t\t\t<a href='https:\/\/www.pep62.fr\/pep62\/fetes-de-noel-aux-pep-62\/mecs-2\/'><img loading=\"lazy\" decoding=\"async\" width=\"2560\" height=\"1920\" src=\"https:\/\/www.pep62.fr\/pep62\/wp-content\/uploads\/2024\/12\/mecs-scaled.jpg\" class=\"attachment-full size-full\" alt=\"\" aria-describedby=\"gallery-1-8417\" srcset=\"https:\/\/www.pep62.fr\/pep62\/wp-content\/uploads\/2024\/12\/mecs-scaled.jpg 2560w, https:\/\/www.pep62.fr\/pep62\/wp-content\/uploads\/2024\/12\/mecs-1280x960.jpg 1280w, https:\/\/www.pep62.fr\/pep62\/wp-content\/uploads\/2024\/12\/mecs-980x735.jpg 980w, https:\/\/www.pep62.fr\/pep62\/wp-content\/uploads\/2024\/12\/mecs-480x360.jpg 480w\" sizes=\"(min-width: 0px) and (max-width: 480px) 480px, (min-width: 481px) and (max-width: 980px) 980px, (min-width: 981px) and (max-width: 1280px) 1280px, (min-width: 1281px) 2560px, 100vw\" \/><\/a>\n\t\t\t<\/dt>\n\t\t\t\t<dd class='wp-caption-text gallery-caption' id='gallery-1-8417'>\n\t\t\t\tSpectacle de No\u00ebl des enfants de la MECS de Campagne-les-Hesdin\n\t\t\t\t<\/dd><\/dl><br style=\"clear: both\" \/><dl class='gallery-item'>\n\t\t\t<dt class='gallery-icon portrait'>\n\t\t\t\t<a href='https:\/\/www.pep62.fr\/pep62\/fetes-de-noel-aux-pep-62\/cmpp-st-pol-sur-ternoise\/'><img loading=\"lazy\" decoding=\"async\" width=\"1280\" height=\"1707\" src=\"https:\/\/www.pep62.fr\/pep62\/wp-content\/uploads\/2024\/12\/cmpp-st-pol-sur-ternoise.jpg\" class=\"attachment-full size-full\" alt=\"\" aria-describedby=\"gallery-1-8416\" srcset=\"https:\/\/www.pep62.fr\/pep62\/wp-content\/uploads\/2024\/12\/cmpp-st-pol-sur-ternoise.jpg 1280w, https:\/\/www.pep62.fr\/pep62\/wp-content\/uploads\/2024\/12\/cmpp-st-pol-sur-ternoise-980x1307.jpg 980w, https:\/\/www.pep62.fr\/pep62\/wp-content\/uploads\/2024\/12\/cmpp-st-pol-sur-ternoise-480x640.jpg 480w\" sizes=\"(min-width: 0px) and (max-width: 480px) 480px, (min-width: 481px) and (max-width: 980px) 980px, (min-width: 981px) 1280px, 100vw\" \/><\/a>\n\t\t\t<\/dt>\n\t\t\t\t<dd class='wp-caption-text gallery-caption' id='gallery-1-8416'>\n\t\t\t\tAtelier de No\u00ebl organis\u00e9 par le CMPP de St Pol sur Ternoise\n\t\t\t\t<\/dd><\/dl><dl class='gallery-item'>\n\t\t\t<dt class='gallery-icon landscape'>\n\t\t\t\t<a href='https:\/\/www.pep62.fr\/pep62\/fetes-de-noel-aux-pep-62\/attachment\/1734453328792\/'><img loading=\"lazy\" decoding=\"async\" width=\"2040\" height=\"1536\" src=\"https:\/\/www.pep62.fr\/pep62\/wp-content\/uploads\/2024\/12\/1734453328792.jpg\" class=\"attachment-full size-full\" alt=\"\" aria-describedby=\"gallery-1-8780\" srcset=\"https:\/\/www.pep62.fr\/pep62\/wp-content\/uploads\/2024\/12\/1734453328792.jpg 2040w, https:\/\/www.pep62.fr\/pep62\/wp-content\/uploads\/2024\/12\/1734453328792-1280x964.jpg 1280w, https:\/\/www.pep62.fr\/pep62\/wp-content\/uploads\/2024\/12\/1734453328792-980x738.jpg 980w, https:\/\/www.pep62.fr\/pep62\/wp-content\/uploads\/2024\/12\/1734453328792-480x361.jpg 480w\" sizes=\"(min-width: 0px) and (max-width: 480px) 480px, (min-width: 481px) and (max-width: 980px) 980px, (min-width: 981px) and (max-width: 1280px) 1280px, (min-width: 1281px) 2040px, 100vw\" \/><\/a>\n\t\t\t<\/dt>\n\t\t\t\t<dd class='wp-caption-text gallery-caption' id='gallery-1-8780'>\n\t\t\t\tLe spectacle musical du CAMSP de Li\u00e9vin\n\t\t\t\t<\/dd><\/dl><br style=\"clear: both\" \/><dl class='gallery-item'>\n\t\t\t<dt class='gallery-icon portrait'>\n\t\t\t\t<a href='https:\/\/www.pep62.fr\/pep62\/fetes-de-noel-aux-pep-62\/camsp-henin-beaumont\/'><img loading=\"lazy\" decoding=\"async\" width=\"1532\" height=\"1536\" src=\"https:\/\/www.pep62.fr\/pep62\/wp-content\/uploads\/2024\/12\/camsp-henin-beaumont.jpg\" class=\"attachment-full size-full\" alt=\"\" aria-describedby=\"gallery-1-8414\" srcset=\"https:\/\/www.pep62.fr\/pep62\/wp-content\/uploads\/2024\/12\/camsp-henin-beaumont.jpg 1532w, https:\/\/www.pep62.fr\/pep62\/wp-content\/uploads\/2024\/12\/camsp-henin-beaumont-1280x1283.jpg 1280w, https:\/\/www.pep62.fr\/pep62\/wp-content\/uploads\/2024\/12\/camsp-henin-beaumont-980x983.jpg 980w, https:\/\/www.pep62.fr\/pep62\/wp-content\/uploads\/2024\/12\/camsp-henin-beaumont-480x481.jpg 480w\" sizes=\"(min-width: 0px) and (max-width: 480px) 480px, (min-width: 481px) and (max-width: 980px) 980px, (min-width: 981px) and (max-width: 1280px) 1280px, (min-width: 1281px) 1532px, 100vw\" \/><\/a>\n\t\t\t<\/dt>\n\t\t\t\t<dd class='wp-caption-text gallery-caption' id='gallery-1-8414'>\n\t\t\t\tAteliers de No\u00ebl organis\u00e9s par le CAMSP d&rsquo;H\u00e9nin-Beaumont\n\t\t\t\t<\/dd><\/dl><dl class='gallery-item'>\n\t\t\t<dt class='gallery-icon landscape'>\n\t\t\t\t<a href='https:\/\/www.pep62.fr\/pep62\/fetes-de-noel-aux-pep-62\/attachment\/1735548208481\/'><img loading=\"lazy\" decoding=\"async\" width=\"2048\" height=\"1536\" src=\"https:\/\/www.pep62.fr\/pep62\/wp-content\/uploads\/2024\/12\/1735548208481.jpg\" class=\"attachment-full size-full\" alt=\"\" aria-describedby=\"gallery-1-8774\" srcset=\"https:\/\/www.pep62.fr\/pep62\/wp-content\/uploads\/2024\/12\/1735548208481.jpg 2048w, https:\/\/www.pep62.fr\/pep62\/wp-content\/uploads\/2024\/12\/1735548208481-1280x960.jpg 1280w, https:\/\/www.pep62.fr\/pep62\/wp-content\/uploads\/2024\/12\/1735548208481-980x735.jpg 980w, https:\/\/www.pep62.fr\/pep62\/wp-content\/uploads\/2024\/12\/1735548208481-480x360.jpg 480w\" sizes=\"(min-width: 0px) and (max-width: 480px) 480px, (min-width: 481px) and (max-width: 980px) 980px, (min-width: 981px) and (max-width: 1280px) 1280px, (min-width: 1281px) 2048px, 100vw\" \/><\/a>\n\t\t\t<\/dt>\n\t\t\t\t<dd class='wp-caption-text gallery-caption' id='gallery-1-8774'>\n\t\t\t\tLe SESSAD Peter Pan de Boulogne-sur-Mer\n\t\t\t\t<\/dd><\/dl><br style=\"clear: both\" \/><dl class='gallery-item'>\n\t\t\t<dt class='gallery-icon portrait'>\n\t\t\t\t<a href='https:\/\/www.pep62.fr\/pep62\/fetes-de-noel-aux-pep-62\/attachment\/1734687221880\/'><img loading=\"lazy\" decoding=\"async\" width=\"1125\" height=\"1500\" src=\"https:\/\/www.pep62.fr\/pep62\/wp-content\/uploads\/2024\/12\/1734687221880.jpg\" class=\"attachment-full size-full\" alt=\"\" aria-describedby=\"gallery-1-8779\" srcset=\"https:\/\/www.pep62.fr\/pep62\/wp-content\/uploads\/2024\/12\/1734687221880.jpg 1125w, https:\/\/www.pep62.fr\/pep62\/wp-content\/uploads\/2024\/12\/1734687221880-980x1307.jpg 980w, https:\/\/www.pep62.fr\/pep62\/wp-content\/uploads\/2024\/12\/1734687221880-480x640.jpg 480w\" sizes=\"(min-width: 0px) and (max-width: 480px) 480px, (min-width: 481px) and (max-width: 980px) 980px, (min-width: 981px) 1125px, 100vw\" \/><\/a>\n\t\t\t<\/dt>\n\t\t\t\t<dd class='wp-caption-text gallery-caption' id='gallery-1-8779'>\n\t\t\t\t1er march\u00e9 de No\u00ebl du SESSAD Pinocchio d&rsquo;Arras\n\t\t\t\t<\/dd><\/dl><dl class='gallery-item'>\n\t\t\t<dt class='gallery-icon landscape'>\n\t\t\t\t<a href='https:\/\/www.pep62.fr\/pep62\/fetes-de-noel-aux-pep-62\/camsp-du-boulonnais\/'><img loading=\"lazy\" decoding=\"async\" width=\"640\" height=\"480\" src=\"https:\/\/www.pep62.fr\/pep62\/wp-content\/uploads\/2024\/12\/camsp-du-boulonnais.jpg\" class=\"attachment-full size-full\" alt=\"\" aria-describedby=\"gallery-1-8413\" srcset=\"https:\/\/www.pep62.fr\/pep62\/wp-content\/uploads\/2024\/12\/camsp-du-boulonnais.jpg 640w, https:\/\/www.pep62.fr\/pep62\/wp-content\/uploads\/2024\/12\/camsp-du-boulonnais-480x360.jpg 480w\" sizes=\"(min-width: 0px) and (max-width: 480px) 480px, (min-width: 481px) 640px, 100vw\" \/><\/a>\n\t\t\t<\/dt>\n\t\t\t\t<dd class='wp-caption-text gallery-caption' id='gallery-1-8413'>\n\t\t\t\tSpectacle de No\u00ebl du CAMSP du Boulonnais\n\t\t\t\t<\/dd><\/dl><br style=\"clear: both\" \/><dl class='gallery-item'>\n\t\t\t<dt class='gallery-icon landscape'>\n\t\t\t\t<a href='https:\/\/www.pep62.fr\/pep62\/fetes-de-noel-aux-pep-62\/attachment\/1734701093876\/'><img loading=\"lazy\" decoding=\"async\" width=\"2048\" height=\"1536\" src=\"https:\/\/www.pep62.fr\/pep62\/wp-content\/uploads\/2024\/12\/1734701093876.jpg\" class=\"attachment-full size-full\" alt=\"\" aria-describedby=\"gallery-1-8776\" srcset=\"https:\/\/www.pep62.fr\/pep62\/wp-content\/uploads\/2024\/12\/1734701093876.jpg 2048w, https:\/\/www.pep62.fr\/pep62\/wp-content\/uploads\/2024\/12\/1734701093876-1280x960.jpg 1280w, https:\/\/www.pep62.fr\/pep62\/wp-content\/uploads\/2024\/12\/1734701093876-980x735.jpg 980w, https:\/\/www.pep62.fr\/pep62\/wp-content\/uploads\/2024\/12\/1734701093876-480x360.jpg 480w\" sizes=\"(min-width: 0px) and (max-width: 480px) 480px, (min-width: 481px) and (max-width: 980px) 980px, (min-width: 981px) and (max-width: 1280px) 1280px, (min-width: 1281px) 2048px, 100vw\" \/><\/a>\n\t\t\t<\/dt>\n\t\t\t\t<dd class='wp-caption-text gallery-caption' id='gallery-1-8776'>\n\t\t\t\tUn spectacle de No\u00ebl pour les enfants du CAMPS de Fouqui\u00e8res-les-B\u00e9thune \n\t\t\t\t<\/dd><\/dl>\n\t\t\t<br style='clear: both' \/>\n\t\t<\/div>\n\n<p>&nbsp;<\/p>\n<p>&nbsp;<\/p>\n","protected":false},"excerpt":{"rendered":"<p>Les f\u00eates de No\u00ebl battent leur plein au sein des PEP 62. Des spectacles, des march\u00e9s de No\u00ebl, des ateliers et des go\u00fbters \u00e0 destination des enfants et de leurs parents. Tous les professionnels se sont impliqu\u00e9s afin d&rsquo;offrir de belles f\u00eates de No\u00ebl aux enfants. Retour en images sur les diff\u00e9rentes f\u00eates organis\u00e9es : [&hellip;]<\/p>\n","protected":false},"author":17,"featured_media":8413,"comment_status":"closed","ping_status":"closed","sticky":false,"template":"","format":"standard","meta":{"_et_pb_use_builder":"","_et_pb_old_content":"","_et_gb_content_width":"","footnotes":""},"categories":[8],"tags":[],"class_list":["post-8395","post","type-post","status-publish","format-standard","has-post-thumbnail","hentry","category-publications"],"_links":{"self":[{"href":"https:\/\/www.pep62.fr\/pep62\/wp-json\/wp\/v2\/posts\/8395","targetHints":{"allow":["GET"]}}],"collection":[{"href":"https:\/\/www.pep62.fr\/pep62\/wp-json\/wp\/v2\/posts"}],"about":[{"href":"https:\/\/www.pep62.fr\/pep62\/wp-json\/wp\/v2\/types\/post"}],"author":[{"embeddable":true,"href":"https:\/\/www.pep62.fr\/pep62\/wp-json\/wp\/v2\/users\/17"}],"replies":[{"embeddable":true,"href":"https:\/\/www.pep62.fr\/pep62\/wp-json\/wp\/v2\/comments?post=8395"}],"version-history":[{"count":5,"href":"https:\/\/www.pep62.fr\/pep62\/wp-json\/wp\/v2\/posts\/8395\/revisions"}],"predecessor-version":[{"id":8781,"href":"https:\/\/www.pep62.fr\/pep62\/wp-json\/wp\/v2\/posts\/8395\/revisions\/8781"}],"wp:featuredmedia":[{"embeddable":true,"href":"https:\/\/www.pep62.fr\/pep62\/wp-json\/wp\/v2\/media\/8413"}],"wp:attachment":[{"href":"https:\/\/www.pep62.fr\/pep62\/wp-json\/wp\/v2\/media?parent=8395"}],"wp:term":[{"taxonomy":"category","embeddable":true,"href":"https:\/\/www.pep62.fr\/pep62\/wp-json\/wp\/v2\/categories?post=8395"},{"taxonomy":"post_tag","embeddable":true,"href":"https:\/\/www.pep62.fr\/pep62\/wp-json\/wp\/v2\/tags?post=8395"}],"curies":[{"name":"wp","href":"https:\/\/api.w.org\/{rel}","templated":true}]}}