{"id":8639,"date":"2025-01-14T10:57:03","date_gmt":"2025-01-14T09:57:03","guid":{"rendered":"https:\/\/www.pep62.fr\/pep62\/?p=8639"},"modified":"2025-01-14T10:57:03","modified_gmt":"2025-01-14T09:57:03","slug":"ceremonie-des-voeux-des-pep-62","status":"publish","type":"post","link":"https:\/\/www.pep62.fr\/pep62\/ceremonie-des-voeux-des-pep-62\/","title":{"rendered":"C\u00e9r\u00e9monie des voeux des PEP 62"},"content":{"rendered":"<p>La c\u00e9r\u00e9monie des v\u0153ux du Si\u00e8ge des <a class=\"VqtxQbWoLpIbcJnGtZXbaJEBDNpAbVzwGjIU \" href=\"https:\/\/www.linkedin.com\/company\/pep62\/\" target=\"_self\" data-test-app-aware-link=\"\">PEP62<\/a> a eu lieu jeudi 9 janvier 2025 en pr\u00e9sence des directeurs de nos \u00e9tablissements, nos administrateurs, nos professionnels et des professionnels de structures partenaires.<br \/>\nM. Yohann Reisenthel, Directeur G\u00e9n\u00e9ral des PEP 62 a r\u00e9alis\u00e9 une r\u00e9trospective des actions de l&rsquo;ann\u00e9e 2024 et les projets et constructions \u00e0 venir en 2025 sur nos \u00e9tablissements. M. Marc Planchon, responsable du DEL, a fait un focus sur ses services, avec les s\u00e9jours et classes de d\u00e9couvertes organis\u00e9s en 2024 et les perspectives de 2025. Enfin, M. Pierre-Marie Fontaine, Pr\u00e9sident des PEP 62, a fait un retour sur la participation des PEP 62 aux Jeux Olympiques et Paralympiques de Paris 2024 ? et les D\u00e9fis citoyens Eco&rsquo;PEP ? . La soir\u00e9e s&rsquo;est termin\u00e9e par les voeux de notre Pr\u00e9sident et une mise \u00e0 l&rsquo;honneur de M. Jean-Luc Duvet, membre fondateur et administrateur des PEP 62.<br \/>\nL&rsquo;association des PEP 62 vous souhaite encore une fois, ses meilleurs voeux pour l&rsquo;ann\u00e9e 2025 ?<\/p>\n<p><img loading=\"lazy\" decoding=\"async\" class=\"aligncenter wp-image-8640\" src=\"https:\/\/www.pep62.fr\/pep62\/wp-content\/uploads\/2025\/01\/IMG_20250109_162723-1024x768.jpg\" alt=\"c\u00e9r\u00e9monie des voeux 2025\" width=\"900\" height=\"675\" \/><\/p>\n<p><img loading=\"lazy\" decoding=\"async\" class=\"aligncenter wp-image-8641\" src=\"https:\/\/www.pep62.fr\/pep62\/wp-content\/uploads\/2025\/01\/IMG_20250109_162552-Copie-1024x768.jpg\" alt=\"C\u00e9r\u00e9monie des voeux 2025 - professionnels - PEP 62\" width=\"900\" height=\"675\" \/><\/p>\n<p><img loading=\"lazy\" decoding=\"async\" class=\"aligncenter wp-image-8642\" src=\"https:\/\/www.pep62.fr\/pep62\/wp-content\/uploads\/2025\/01\/IMG_20250109_165337-1024x768.jpg\" alt=\"C\u00e9r\u00e9monie des voeux 2025 - professionnels - PEP 62\" width=\"900\" height=\"675\" \/><\/p>\n<p>&nbsp;<\/p>\n<p>&nbsp;<\/p>\n","protected":false},"excerpt":{"rendered":"<p>La c\u00e9r\u00e9monie des v\u0153ux du Si\u00e8ge des PEP62 a eu lieu jeudi 9 janvier 2025 en pr\u00e9sence des directeurs de nos \u00e9tablissements, nos administrateurs, nos professionnels et des professionnels de structures partenaires. M. Yohann Reisenthel, Directeur G\u00e9n\u00e9ral des PEP 62 a r\u00e9alis\u00e9 une r\u00e9trospective des actions de l&rsquo;ann\u00e9e 2024 et les projets et constructions \u00e0 [&hellip;]<\/p>\n","protected":false},"author":17,"featured_media":8643,"comment_status":"closed","ping_status":"closed","sticky":false,"template":"","format":"standard","meta":{"_et_pb_use_builder":"","_et_pb_old_content":"","_et_gb_content_width":"","footnotes":""},"categories":[8],"tags":[],"class_list":["post-8639","post","type-post","status-publish","format-standard","has-post-thumbnail","hentry","category-publications"],"_links":{"self":[{"href":"https:\/\/www.pep62.fr\/pep62\/wp-json\/wp\/v2\/posts\/8639","targetHints":{"allow":["GET"]}}],"collection":[{"href":"https:\/\/www.pep62.fr\/pep62\/wp-json\/wp\/v2\/posts"}],"about":[{"href":"https:\/\/www.pep62.fr\/pep62\/wp-json\/wp\/v2\/types\/post"}],"author":[{"embeddable":true,"href":"https:\/\/www.pep62.fr\/pep62\/wp-json\/wp\/v2\/users\/17"}],"replies":[{"embeddable":true,"href":"https:\/\/www.pep62.fr\/pep62\/wp-json\/wp\/v2\/comments?post=8639"}],"version-history":[{"count":1,"href":"https:\/\/www.pep62.fr\/pep62\/wp-json\/wp\/v2\/posts\/8639\/revisions"}],"predecessor-version":[{"id":8644,"href":"https:\/\/www.pep62.fr\/pep62\/wp-json\/wp\/v2\/posts\/8639\/revisions\/8644"}],"wp:featuredmedia":[{"embeddable":true,"href":"https:\/\/www.pep62.fr\/pep62\/wp-json\/wp\/v2\/media\/8643"}],"wp:attachment":[{"href":"https:\/\/www.pep62.fr\/pep62\/wp-json\/wp\/v2\/media?parent=8639"}],"wp:term":[{"taxonomy":"category","embeddable":true,"href":"https:\/\/www.pep62.fr\/pep62\/wp-json\/wp\/v2\/categories?post=8639"},{"taxonomy":"post_tag","embeddable":true,"href":"https:\/\/www.pep62.fr\/pep62\/wp-json\/wp\/v2\/tags?post=8639"}],"curies":[{"name":"wp","href":"https:\/\/api.w.org\/{rel}","templated":true}]}}